{"id":4200,"date":"2024-08-28T09:03:44","date_gmt":"2024-08-28T09:03:44","guid":{"rendered":"https:\/\/infraneo.com\/archive\/?p=4200"},"modified":"2024-08-28T09:39:17","modified_gmt":"2024-08-28T09:39:17","slug":"espace-collectivites-2024","status":"publish","type":"post","link":"https:\/\/infraneo.com\/archive\/en\/espace-collectivites-2024\/","title":{"rendered":"Join Us at the Espace Collectivit\u00e9s Trade Show on September 12th and 13th, 2024!"},"content":{"rendered":"<div data-elementor-type=\"wp-post\" data-elementor-id=\"4200\" class=\"elementor elementor-4200\" data-elementor-post-type=\"post\">\n\t\t\t\t\t\t<section class=\"elementor-section elementor-top-section elementor-element elementor-element-12af024 elementor-section-boxed elementor-section-height-default elementor-section-height-default\" data-id=\"12af024\" data-element_type=\"section\" data-e-type=\"section\">\n\t\t\t\t\t\t<div class=\"elementor-container elementor-column-gap-default\">\n\t\t\t\t\t<div class=\"elementor-column elementor-col-100 elementor-top-column elementor-element elementor-element-d50dfb1\" data-id=\"d50dfb1\" data-element_type=\"column\" data-e-type=\"column\">\n\t\t\t<div class=\"elementor-widget-wrap elementor-element-populated\">\n\t\t\t\t\t\t<div class=\"elementor-element elementor-element-b18f101 elementor-widget elementor-widget-text-editor\" data-id=\"b18f101\" data-element_type=\"widget\" data-e-type=\"widget\" data-widget_type=\"text-editor.default\">\n\t\t\t\t<div class=\"elementor-widget-container\">\n\t\t\t\t\t\t\t\t\t<h1><span style=\"color: #003366;\">Join Us at the Espace Collectivit\u00e9s Trade Show on September 12th and 13th, 2024!<\/span><\/h1>\t\t\t\t\t\t\t\t<\/div>\n\t\t\t\t<\/div>\n\t\t\t\t\t<\/div>\n\t\t<\/div>\n\t\t\t\t\t<\/div>\n\t\t<\/section>\n\t\t\t\t<section class=\"elementor-section elementor-top-section elementor-element elementor-element-771c4e9 elementor-section-boxed elementor-section-height-default elementor-section-height-default\" data-id=\"771c4e9\" data-element_type=\"section\" data-e-type=\"section\">\n\t\t\t\t\t\t<div class=\"elementor-container elementor-column-gap-default\">\n\t\t\t\t\t<div class=\"elementor-column elementor-col-100 elementor-top-column elementor-element elementor-element-d011b57\" data-id=\"d011b57\" data-element_type=\"column\" data-e-type=\"column\">\n\t\t\t<div class=\"elementor-widget-wrap elementor-element-populated\">\n\t\t\t\t\t\t<div class=\"elementor-element elementor-element-24b3b02 elementor-widget elementor-widget-text-editor\" data-id=\"24b3b02\" data-element_type=\"widget\" data-e-type=\"widget\" data-widget_type=\"text-editor.default\">\n\t\t\t\t<div class=\"elementor-widget-container\">\n\t\t\t\t\t\t\t\t\t<p>We are pleased to invite you to meet our teams at the Espace Collectivit\u00e9s trade fair, which will be held on September 12 and 13, 2024 in Br\u00e9tigny-sur-Orge. This event, now celebrating its 40th edition, promises to be a must-attend gathering for both public and private sector stakeholders.<\/p>\n<div>\n<h3>New edition, new vision<\/h3>\n<p>In 2024, Espace Collectivit\u00e9s is reinventing itself with a completely reimagined edition, driven by a new dynamic. The fair will take place in the heart of Br\u00e9tigny-sur-Orge, a strategic location that perfectly embodies the spirit of innovation and modernity the event aims to promote.<\/p>\n<h3>Areas of expertise to discover<\/h3>\n<p>During your visit, we invite you to talk with our experts about our five major areas of expertise:<\/p>\n<ul>\n<li class=\"translation-block\"><strong>Water Cycle \ud83d\udca7<\/strong>: Discover our turnkey solutions to <a href=\"https:\/\/infraneo.com\/archive\/en\/expertise\/ingenierie-de-leau\/\" target=\"_blank\">ensure the sustainability of water and sanitation systems<\/a>.<\/li>\n<li class=\"translation-block\"><strong>Soil Engineering \ud83d\udc77\ud83c\udffb\u200d\u2642\ufe0f<\/strong>: Dive into the world of <a href=\"https:\/\/infraneo.com\/archive\/en\/expertise\/ingenierie-des-sols\/\" target=\"_blank\">soil engineering<\/a>, with innovative approaches for infrastructure construction and management.<\/li>\n<li class=\"translation-block\"><strong>Structural Engineering \ud83c\udf09<\/strong>: Explore our latest developments in <a href=\"https:\/\/infraneo.com\/archive\/en\/expertise\/ingenierie-des-structures\/\" target=\"_blank\">structure design and optimization<\/a>.<\/li>\n<li class=\"translation-block\"><strong>Testing and Inspection \ud83d\udd2c<\/strong>: Learn about our <a href=\"https:\/\/infraneo.com\/archive\/en\/expertise\/controles-et-essais\/\" target=\"_blank\">testing and inspection methods<\/a>, essential to ensure the safety and quality of your projects.<\/li>\n<li class=\"translation-block\"><strong>Energy \u26a1<\/strong>: Discuss <a href=\"https:\/\/www.technipipe.com\/fr\/\" target=\"_blank\" rel=\"noopener\">tomorrow's energy solutions<\/a>, combining efficiency and environmental responsibility.<\/li>\n<\/ul>\n<h3><span style=\"color: inherit; font-size: 1.75rem; background-color: var(--bs-body-bg); display: inline !important;\">Where to Find Us?<\/span><\/h3>\n<p class=\"translation-block\">Find us at <strong>stand D35<\/strong>, accessible via <strong>Porte J<\/strong> at Le Plessis-P\u00e2t\u00e9. Our teams will be there to welcome you and answer all your questions.<\/p>\n<h3>Opening Hours<\/h3>\n<p class=\"translation-block\">The fair will be open on <strong>September 12 and 13, 2024<\/strong>, from <strong>9:00 AM to 10:00 PM<\/strong>. A unique opportunity to meet our experts throughout the day and evening.<\/p>\n<p class=\"translation-block\">For more information about the program and registration, feel free to visit the official event website <a href=\"https:\/\/www.espace-collectivites.com\/accueil.htm\" target=\"_new\" rel=\"noopener\">here<\/a>.<\/p>\n<p>We look forward to meeting you and sharing our latest innovations! Don\u2019t miss this must-attend event to discover tomorrow\u2019s solutions.<\/p>\n<\/div>\t\t\t\t\t\t\t\t<\/div>\n\t\t\t\t<\/div>\n\t\t\t\t\t<\/div>\n\t\t<\/div>\n\t\t\t\t\t<\/div>\n\t\t<\/section>\n\t\t\t\t<section class=\"elementor-section elementor-top-section elementor-element elementor-element-ce6e8f5 elementor-section-boxed elementor-section-height-default elementor-section-height-default\" data-id=\"ce6e8f5\" data-element_type=\"section\" data-e-type=\"section\">\n\t\t\t\t\t\t<div class=\"elementor-container elementor-column-gap-default\">\n\t\t\t\t\t<div class=\"elementor-column elementor-col-100 elementor-top-column elementor-element elementor-element-ae5c124\" data-id=\"ae5c124\" data-element_type=\"column\" data-e-type=\"column\">\n\t\t\t<div class=\"elementor-widget-wrap elementor-element-populated\">\n\t\t\t\t\t\t<div class=\"elementor-element elementor-element-6997c62 elementor-widget-divider--view-line elementor-widget elementor-widget-divider\" data-id=\"6997c62\" data-element_type=\"widget\" data-e-type=\"widget\" data-widget_type=\"divider.default\">\n\t\t\t\t<div class=\"elementor-widget-container\">\n\t\t\t\t\t\t\t<div class=\"elementor-divider\">\n\t\t\t<span class=\"elementor-divider-separator\">\n\t\t\t\t\t\t<\/span>\n\t\t<\/div>\n\t\t\t\t\t\t<\/div>\n\t\t\t\t<\/div>\n\t\t\t\t\t<\/div>\n\t\t<\/div>\n\t\t\t\t\t<\/div>\n\t\t<\/section>\n\t\t\t\t<section class=\"elementor-section elementor-top-section elementor-element elementor-element-aebe3dc elementor-section-boxed elementor-section-height-default elementor-section-height-default\" data-id=\"aebe3dc\" data-element_type=\"section\" data-e-type=\"section\">\n\t\t\t\t\t\t<div class=\"elementor-container elementor-column-gap-default\">\n\t\t\t\t\t<div class=\"elementor-column elementor-col-100 elementor-top-column elementor-element elementor-element-361de80\" data-id=\"361de80\" data-element_type=\"column\" data-e-type=\"column\">\n\t\t\t<div class=\"elementor-widget-wrap elementor-element-populated\">\n\t\t\t\t\t\t<div class=\"elementor-element elementor-element-598de5e elementor-button-success elementor-align-center elementor-widget elementor-widget-button\" data-id=\"598de5e\" data-element_type=\"widget\" data-e-type=\"widget\" data-widget_type=\"button.default\">\n\t\t\t\t<div class=\"elementor-widget-container\">\n\t\t\t\t\t\t\t\t\t<div class=\"elementor-button-wrapper\">\n\t\t\t\t\t<a class=\"elementor-button elementor-button-link elementor-size-sm\" href=\"https:\/\/www.espace-collectivites.com\/accueil\/programme\/le-programme-detaille.htm\" target=\"_blank\" rel=\"noopener\">\n\t\t\t\t\t\t<span class=\"elementor-button-content-wrapper\">\n\t\t\t\t\t\t\t\t\t<span class=\"elementor-button-text\">D\u00e9couvrir le programme de l'\u00e9v\u00e9nement<\/span>\n\t\t\t\t\t<\/span>\n\t\t\t\t\t<\/a>\n\t\t\t\t<\/div>\n\t\t\t\t\t\t\t\t<\/div>\n\t\t\t\t<\/div>\n\t\t\t\t<div class=\"elementor-element elementor-element-e97a1dc elementor-view-default elementor-widget elementor-widget-icon\" data-id=\"e97a1dc\" data-element_type=\"widget\" data-e-type=\"widget\" data-widget_type=\"icon.default\">\n\t\t\t\t<div class=\"elementor-widget-container\">\n\t\t\t\t\t\t\t<div class=\"elementor-icon-wrapper\">\n\t\t\t<div class=\"elementor-icon\">\n\t\t\t<i aria-hidden=\"true\" class=\"fab fa-linkedin\"><\/i>\t\t\t<\/div>\n\t\t<\/div>\n\t\t\t\t\t\t<\/div>\n\t\t\t\t<\/div>\n\t\t\t\t\t<\/div>\n\t\t<\/div>\n\t\t\t\t\t<\/div>\n\t\t<\/section>\n\t\t\t\t<section class=\"elementor-section elementor-top-section elementor-element elementor-element-10082c9 elementor-section-boxed elementor-section-height-default elementor-section-height-default\" data-id=\"10082c9\" data-element_type=\"section\" data-e-type=\"section\">\n\t\t\t\t\t\t<div class=\"elementor-container elementor-column-gap-default\">\n\t\t\t\t\t<div class=\"elementor-column elementor-col-100 elementor-top-column elementor-element elementor-element-41f6ffa\" data-id=\"41f6ffa\" data-element_type=\"column\" data-e-type=\"column\">\n\t\t\t<div class=\"elementor-widget-wrap\">\n\t\t\t\t\t\t\t<\/div>\n\t\t<\/div>\n\t\t\t\t\t<\/div>\n\t\t<\/section>\n\t\t\t\t<\/div>","protected":false},"excerpt":{"rendered":"<p>Nous avons le plaisir de vous inviter \u00e0 rencontrer nos \u00e9quipes lors du salon Espace Collectivit\u00e9s, qui se tiendra les 12 et 13 septembre 2024 \u00e0 Br\u00e9tigny-sur-Orge.<\/p>","protected":false},"author":5,"featured_media":4201,"comment_status":"closed","ping_status":"closed","sticky":false,"template":"","format":"standard","meta":{"_acf_changed":false,"_monsterinsights_skip_tracking":false,"_monsterinsights_sitenote_active":false,"_monsterinsights_sitenote_note":"","_monsterinsights_sitenote_category":0,"_uf_show_specific_survey":0,"_uf_disable_surveys":false,"footnotes":""},"categories":[6],"tags":[],"class_list":["post-4200","post","type-post","status-publish","format-standard","has-post-thumbnail","hentry","category-news"],"acf":[],"_links":{"self":[{"href":"https:\/\/infraneo.com\/archive\/en\/wp-json\/wp\/v2\/posts\/4200","targetHints":{"allow":["GET"]}}],"collection":[{"href":"https:\/\/infraneo.com\/archive\/en\/wp-json\/wp\/v2\/posts"}],"about":[{"href":"https:\/\/infraneo.com\/archive\/en\/wp-json\/wp\/v2\/types\/post"}],"author":[{"embeddable":true,"href":"https:\/\/infraneo.com\/archive\/en\/wp-json\/wp\/v2\/users\/5"}],"replies":[{"embeddable":true,"href":"https:\/\/infraneo.com\/archive\/en\/wp-json\/wp\/v2\/comments?post=4200"}],"version-history":[{"count":8,"href":"https:\/\/infraneo.com\/archive\/en\/wp-json\/wp\/v2\/posts\/4200\/revisions"}],"predecessor-version":[{"id":4211,"href":"https:\/\/infraneo.com\/archive\/en\/wp-json\/wp\/v2\/posts\/4200\/revisions\/4211"}],"wp:featuredmedia":[{"embeddable":true,"href":"https:\/\/infraneo.com\/archive\/en\/wp-json\/wp\/v2\/media\/4201"}],"wp:attachment":[{"href":"https:\/\/infraneo.com\/archive\/en\/wp-json\/wp\/v2\/media?parent=4200"}],"wp:term":[{"taxonomy":"category","embeddable":true,"href":"https:\/\/infraneo.com\/archive\/en\/wp-json\/wp\/v2\/categories?post=4200"},{"taxonomy":"post_tag","embeddable":true,"href":"https:\/\/infraneo.com\/archive\/en\/wp-json\/wp\/v2\/tags?post=4200"}],"curies":[{"name":"wp","href":"https:\/\/api.w.org\/{rel}","templated":true}]}}