{"id":4723,"date":"2025-05-16T12:42:19","date_gmt":"2025-05-16T12:42:19","guid":{"rendered":"https:\/\/infraneo.com\/archive\/?p=4723"},"modified":"2025-05-16T13:29:34","modified_gmt":"2025-05-16T13:29:34","slug":"cycleau-bordeaux","status":"publish","type":"post","link":"https:\/\/infraneo.com\/archive\/en\/cycleau-bordeaux\/","title":{"rendered":"INFRANEO au salon CYCL&rsquo;EAU Bordeaux"},"content":{"rendered":"<div data-elementor-type=\"wp-post\" data-elementor-id=\"4723\" class=\"elementor elementor-4723\" data-elementor-post-type=\"post\">\n\t\t\t\t\t\t<section class=\"elementor-section elementor-top-section elementor-element elementor-element-12af024 elementor-section-boxed elementor-section-height-default elementor-section-height-default\" data-id=\"12af024\" data-element_type=\"section\" data-e-type=\"section\">\n\t\t\t\t\t\t<div class=\"elementor-container elementor-column-gap-default\">\n\t\t\t\t\t<div class=\"elementor-column elementor-col-100 elementor-top-column elementor-element elementor-element-d50dfb1\" data-id=\"d50dfb1\" data-element_type=\"column\" data-e-type=\"column\">\n\t\t\t<div class=\"elementor-widget-wrap elementor-element-populated\">\n\t\t\t\t\t\t<div class=\"elementor-element elementor-element-b18f101 elementor-widget__width-initial elementor-widget elementor-widget-text-editor\" data-id=\"b18f101\" data-element_type=\"widget\" data-e-type=\"widget\" data-widget_type=\"text-editor.default\">\n\t\t\t\t<div class=\"elementor-widget-container\">\n\t\t\t\t\t\t\t\t\t<h1 data-pm-slice=\"1 1 []\">INFRANEO et PROLOG INGENIERIE au salon CYCL\u2019EAU Bordeaux Nouvelle-Aquitaine 2025<\/h1>\t\t\t\t\t\t\t\t<\/div>\n\t\t\t\t<\/div>\n\t\t\t\t\t<\/div>\n\t\t<\/div>\n\t\t\t\t\t<\/div>\n\t\t<\/section>\n\t\t\t\t<section class=\"elementor-section elementor-top-section elementor-element elementor-element-e86fef1 elementor-section-boxed elementor-section-height-default elementor-section-height-default\" data-id=\"e86fef1\" data-element_type=\"section\" data-e-type=\"section\">\n\t\t\t\t\t\t<div class=\"elementor-container elementor-column-gap-default\">\n\t\t\t\t\t<div class=\"elementor-column elementor-col-100 elementor-top-column elementor-element elementor-element-1d40c6d\" data-id=\"1d40c6d\" data-element_type=\"column\" data-e-type=\"column\">\n\t\t\t<div class=\"elementor-widget-wrap elementor-element-populated\">\n\t\t\t\t\t\t<div class=\"elementor-element elementor-element-315e0ab text elementor-widget elementor-widget-text-editor\" data-id=\"315e0ab\" data-element_type=\"widget\" data-e-type=\"widget\" data-widget_type=\"text-editor.default\">\n\t\t\t\t<div class=\"elementor-widget-container\">\n\t\t\t\t\t\t\t\t\t<p data-pm-slice=\"1 1 []\">INFRANEO et PROLOG INGENIERIE seront pr\u00e9sents au <strong data-start=\"194\" data-end=\"240\">salon CYCL\u2019EAU Bordeaux Nouvelle-Aquitaine<\/strong> les <strong data-start=\"245\" data-end=\"266\">21 et 22 mai 2025<\/strong>, un \u00e9v\u00e9nement incontournable pour les professionnel\u00b7les du secteur de l\u2019eau, de l\u2019assainissement et de la gestion durable des ressources.<\/p>\t\t\t\t\t\t\t\t<\/div>\n\t\t\t\t<\/div>\n\t\t\t\t\t<\/div>\n\t\t<\/div>\n\t\t\t\t\t<\/div>\n\t\t<\/section>\n\t\t\t\t<section class=\"elementor-section elementor-top-section elementor-element elementor-element-0587335 elementor-section-boxed elementor-section-height-default elementor-section-height-default\" data-id=\"0587335\" data-element_type=\"section\" data-e-type=\"section\">\n\t\t\t\t\t\t<div class=\"elementor-container elementor-column-gap-default\">\n\t\t\t\t\t<div class=\"elementor-column elementor-col-100 elementor-top-column elementor-element elementor-element-7c4afd4\" data-id=\"7c4afd4\" data-element_type=\"column\" data-e-type=\"column\">\n\t\t\t<div class=\"elementor-widget-wrap elementor-element-populated\">\n\t\t\t\t\t\t<div class=\"elementor-element elementor-element-a86db47 elementor-widget-divider--view-line elementor-widget elementor-widget-divider\" data-id=\"a86db47\" data-element_type=\"widget\" data-e-type=\"widget\" data-widget_type=\"divider.default\">\n\t\t\t\t<div class=\"elementor-widget-container\">\n\t\t\t\t\t\t\t<div class=\"elementor-divider\">\n\t\t\t<span class=\"elementor-divider-separator\">\n\t\t\t\t\t\t<\/span>\n\t\t<\/div>\n\t\t\t\t\t\t<\/div>\n\t\t\t\t<\/div>\n\t\t\t\t\t<\/div>\n\t\t<\/div>\n\t\t\t\t\t<\/div>\n\t\t<\/section>\n\t\t\t\t<section class=\"elementor-section elementor-top-section elementor-element elementor-element-4634b7a elementor-section-boxed elementor-section-height-default elementor-section-height-default\" data-id=\"4634b7a\" data-element_type=\"section\" data-e-type=\"section\">\n\t\t\t\t\t\t<div class=\"elementor-container elementor-column-gap-default\">\n\t\t\t\t\t<div class=\"elementor-column elementor-col-100 elementor-top-column elementor-element elementor-element-1b87fce\" data-id=\"1b87fce\" data-element_type=\"column\" data-e-type=\"column\">\n\t\t\t<div class=\"elementor-widget-wrap elementor-element-populated\">\n\t\t\t\t\t\t<div class=\"elementor-element elementor-element-5fbeb4e elementor-widget elementor-widget-text-editor\" data-id=\"5fbeb4e\" data-element_type=\"widget\" data-e-type=\"widget\" data-widget_type=\"text-editor.default\">\n\t\t\t\t<div class=\"elementor-widget-container\">\n\t\t\t\t\t\t\t\t\t<h2 data-pm-slice=\"1 1 []\"><span style=\"color: #ff9900;\">Venez \u00e0 notre rencontre !<\/span><\/h2><p class=\"\" data-start=\"434\" data-end=\"702\">Nos \u00e9quipes auront le plaisir de vous accueillir sur le <strong data-start=\"490\" data-end=\"502\">stand Q7<\/strong>, au <strong data-start=\"507\" data-end=\"543\">Palais 2 l\u2019Atlantique \u00e0 Bordeaux<\/strong>, pour \u00e9changer sur nos <strong data-start=\"567\" data-end=\"613\">expertises techniques et environnementales<\/strong> au service de la gestion de l\u2019eau, de l\u2019assainissement et des infrastructures associ\u00e9es.<\/p><p class=\"\" data-start=\"704\" data-end=\"867\">Ce sera l\u2019occasion de vous pr\u00e9senter nos solutions, de r\u00e9pondre \u00e0 vos questions et de discuter de vos projets dans un cadre propice aux \u00e9changes et \u00e0 l\u2019innovation.\u00a0<\/p><p class=\"\" data-start=\"905\" data-end=\"931\">Le salon <b>CYCL\u2019EAU Bordeaux<\/b>, c\u2019est :<\/p><ul><li data-start=\"934\" data-end=\"997\">&#8211; Plus de <strong data-start=\"942\" data-end=\"959\">150 exposants<\/strong> engag\u00e9s pour l\u2019avenir des territoires<\/li><li data-start=\"934\" data-end=\"997\">&#8211; Des <strong data-start=\"1004\" data-end=\"1021\">tables rondes<\/strong> autour des grands enjeux hydriques<br \/>&#8211; Des <strong data-start=\"1063\" data-end=\"1076\">pl\u00e9ni\u00e8res<\/strong>, <strong data-start=\"1078\" data-end=\"1090\">ateliers<\/strong> et moments de networking d\u00e9di\u00e9s aux professionnel\u00b7les<\/li><\/ul>\t\t\t\t\t\t\t\t<\/div>\n\t\t\t\t<\/div>\n\t\t\t\t\t<\/div>\n\t\t<\/div>\n\t\t\t\t\t<\/div>\n\t\t<\/section>\n\t\t\t\t<section class=\"elementor-section elementor-top-section elementor-element elementor-element-61c1dd8 elementor-section-boxed elementor-section-height-default elementor-section-height-default\" data-id=\"61c1dd8\" data-element_type=\"section\" data-e-type=\"section\">\n\t\t\t\t\t\t<div class=\"elementor-container elementor-column-gap-default\">\n\t\t\t\t\t<div class=\"elementor-column elementor-col-100 elementor-top-column elementor-element elementor-element-2e44f4a\" data-id=\"2e44f4a\" data-element_type=\"column\" data-e-type=\"column\">\n\t\t\t<div class=\"elementor-widget-wrap elementor-element-populated\">\n\t\t\t\t\t\t<div class=\"elementor-element elementor-element-b65f02f elementor-widget-divider--view-line elementor-widget elementor-widget-divider\" data-id=\"b65f02f\" data-element_type=\"widget\" data-e-type=\"widget\" data-widget_type=\"divider.default\">\n\t\t\t\t<div class=\"elementor-widget-container\">\n\t\t\t\t\t\t\t<div class=\"elementor-divider\">\n\t\t\t<span class=\"elementor-divider-separator\">\n\t\t\t\t\t\t<\/span>\n\t\t<\/div>\n\t\t\t\t\t\t<\/div>\n\t\t\t\t<\/div>\n\t\t\t\t<div class=\"elementor-element elementor-element-c088f0d elementor-widget__width-initial elementor-widget elementor-widget-text-editor\" data-id=\"c088f0d\" data-element_type=\"widget\" data-e-type=\"widget\" data-widget_type=\"text-editor.default\">\n\t\t\t\t<div class=\"elementor-widget-container\">\n\t\t\t\t\t\t\t\t\t<h2 data-pm-slice=\"1 1 []\"><span style=\"color: #ff9900;\">Infos pratiques<\/span><\/h2><p class=\"\" data-start=\"1166\" data-end=\"1295\"><strong data-start=\"1169\" data-end=\"1177\">Lieu<\/strong> : Palais 2 l\u2019Atlantique \u2013 Bordeaux<br data-start=\"1212\" data-end=\"1215\" \/><strong data-start=\"1218\" data-end=\"1227\">Dates<\/strong> : 21 &amp; 22 mai 2025<br data-start=\"1246\" data-end=\"1249\" \/><strong data-start=\"1252\" data-end=\"1290\">Stand INFRANEO \/ PROLOG INGENIERIE<\/strong> : Q7<\/p><p data-start=\"1297\" data-end=\"1328\"><span style=\"color: #000000; font-family: Roboto, sans-serif; font-weight: 400; font-size: 16px; display: inline !important;\">\ud83d\udc49<\/span> Consultez le programme complet sur <span style=\"font-family: Roboto, sans-serif; font-weight: 400; font-size: 16px; color: #ff9900;\"><a class=\"\" style=\"color: #ff9900;\" href=\"https:\/\/www.cycleau.fr\" target=\"_new\" rel=\"noopener\" data-start=\"1368\" data-end=\"1408\">www.cycleau.fr<\/a><\/span><\/p><p class=\"\" data-start=\"1330\" data-end=\"1495\">\ud83d\udc49 Inscription gratuite en ligne : <a class=\"\" href=\"https:\/\/www.cycleau.fr\/login\/cycleau-bordeaux-nouvelle-aquitaine-2025\" target=\"_new\" rel=\"noopener\" data-start=\"1446\" data-end=\"1495\">Acc\u00e9der au formulaire<\/a><\/p><hr class=\"\" data-start=\"1497\" data-end=\"1500\" \/>\t\t\t\t\t\t\t\t<\/div>\n\t\t\t\t<\/div>\n\t\t\t\t\t<\/div>\n\t\t<\/div>\n\t\t\t\t\t<\/div>\n\t\t<\/section>\n\t\t\t\t<section class=\"elementor-section elementor-top-section elementor-element elementor-element-aebe3dc elementor-section-boxed elementor-section-height-default elementor-section-height-default\" data-id=\"aebe3dc\" data-element_type=\"section\" data-e-type=\"section\">\n\t\t\t\t\t\t<div class=\"elementor-container elementor-column-gap-default\">\n\t\t\t\t\t<div class=\"elementor-column elementor-col-100 elementor-top-column elementor-element elementor-element-361de80\" data-id=\"361de80\" data-element_type=\"column\" data-e-type=\"column\">\n\t\t\t<div class=\"elementor-widget-wrap elementor-element-populated\">\n\t\t\t\t\t\t<div class=\"elementor-element elementor-element-598de5e elementor-button-success elementor-align-center elementor-widget elementor-widget-button\" data-id=\"598de5e\" data-element_type=\"widget\" data-e-type=\"widget\" data-widget_type=\"button.default\">\n\t\t\t\t<div class=\"elementor-widget-container\">\n\t\t\t\t\t\t\t\t\t<div class=\"elementor-button-wrapper\">\n\t\t\t\t\t<a class=\"elementor-button elementor-button-link elementor-size-sm\" href=\"\/archive\/en\/contact\/\">\n\t\t\t\t\t\t<span class=\"elementor-button-content-wrapper\">\n\t\t\t\t\t\t\t\t\t<span class=\"elementor-button-text\">Contactez-nous pour plus d'informations<\/span>\n\t\t\t\t\t<\/span>\n\t\t\t\t\t<\/a>\n\t\t\t\t<\/div>\n\t\t\t\t\t\t\t\t<\/div>\n\t\t\t\t<\/div>\n\t\t\t\t<div class=\"elementor-element elementor-element-e97a1dc elementor-view-default elementor-widget elementor-widget-icon\" data-id=\"e97a1dc\" data-element_type=\"widget\" data-e-type=\"widget\" data-widget_type=\"icon.default\">\n\t\t\t\t<div class=\"elementor-widget-container\">\n\t\t\t\t\t\t\t<div class=\"elementor-icon-wrapper\">\n\t\t\t<div class=\"elementor-icon\">\n\t\t\t<i aria-hidden=\"true\" class=\"fab fa-linkedin\"><\/i>\t\t\t<\/div>\n\t\t<\/div>\n\t\t\t\t\t\t<\/div>\n\t\t\t\t<\/div>\n\t\t\t\t\t<\/div>\n\t\t<\/div>\n\t\t\t\t\t<\/div>\n\t\t<\/section>\n\t\t\t\t<\/div>","protected":false},"excerpt":{"rendered":"<p>INFRANEO et PROLOG INGENIERIE au salon CYCL\u2019EAU Bordeaux Nouvelle-Aquitaine 2025 INFRANEO et PROLOG INGENIERIE seront pr\u00e9sents au salon CYCL\u2019EAU Bordeaux Nouvelle-Aquitaine les 21 et 22 mai 2025, un \u00e9v\u00e9nement incontournable pour les professionnel\u00b7les du secteur de l\u2019eau, de l\u2019assainissement et de la gestion durable des ressources. Venez \u00e0 notre rencontre ! Nos \u00e9quipes auront le [&hellip;]<\/p>","protected":false},"author":5,"featured_media":4724,"comment_status":"closed","ping_status":"closed","sticky":false,"template":"","format":"standard","meta":{"_acf_changed":false,"_monsterinsights_skip_tracking":false,"_monsterinsights_sitenote_active":false,"_monsterinsights_sitenote_note":"","_monsterinsights_sitenote_category":0,"_uf_show_specific_survey":0,"_uf_disable_surveys":false,"footnotes":""},"categories":[6],"tags":[],"class_list":["post-4723","post","type-post","status-publish","format-standard","has-post-thumbnail","hentry","category-news"],"acf":[],"_links":{"self":[{"href":"https:\/\/infraneo.com\/archive\/en\/wp-json\/wp\/v2\/posts\/4723","targetHints":{"allow":["GET"]}}],"collection":[{"href":"https:\/\/infraneo.com\/archive\/en\/wp-json\/wp\/v2\/posts"}],"about":[{"href":"https:\/\/infraneo.com\/archive\/en\/wp-json\/wp\/v2\/types\/post"}],"author":[{"embeddable":true,"href":"https:\/\/infraneo.com\/archive\/en\/wp-json\/wp\/v2\/users\/5"}],"replies":[{"embeddable":true,"href":"https:\/\/infraneo.com\/archive\/en\/wp-json\/wp\/v2\/comments?post=4723"}],"version-history":[{"count":13,"href":"https:\/\/infraneo.com\/archive\/en\/wp-json\/wp\/v2\/posts\/4723\/revisions"}],"predecessor-version":[{"id":4739,"href":"https:\/\/infraneo.com\/archive\/en\/wp-json\/wp\/v2\/posts\/4723\/revisions\/4739"}],"wp:featuredmedia":[{"embeddable":true,"href":"https:\/\/infraneo.com\/archive\/en\/wp-json\/wp\/v2\/media\/4724"}],"wp:attachment":[{"href":"https:\/\/infraneo.com\/archive\/en\/wp-json\/wp\/v2\/media?parent=4723"}],"wp:term":[{"taxonomy":"category","embeddable":true,"href":"https:\/\/infraneo.com\/archive\/en\/wp-json\/wp\/v2\/categories?post=4723"},{"taxonomy":"post_tag","embeddable":true,"href":"https:\/\/infraneo.com\/archive\/en\/wp-json\/wp\/v2\/tags?post=4723"}],"curies":[{"name":"wp","href":"https:\/\/api.w.org\/{rel}","templated":true}]}}