{"id":2229,"date":"2022-10-03T15:35:02","date_gmt":"2022-10-03T15:35:02","guid":{"rendered":"https:\/\/infraneo.com\/archive\/?p=2229"},"modified":"2023-10-19T13:24:20","modified_gmt":"2023-10-19T13:24:20","slug":"equipes-reunies-pour-une-journee-parisienne","status":"publish","type":"post","link":"https:\/\/infraneo.com\/archive\/equipes-reunies-pour-une-journee-parisienne\/","title":{"rendered":"Nos \u00e9quipes r\u00e9unies pour une journ\u00e9e parisienne"},"content":{"rendered":"\t\t<div data-elementor-type=\"wp-post\" data-elementor-id=\"2229\" class=\"elementor elementor-2229\" data-elementor-post-type=\"post\">\n\t\t\t\t\t\t<section class=\"elementor-section elementor-top-section elementor-element elementor-element-7ca57277 elementor-section-boxed elementor-section-height-default elementor-section-height-default\" data-id=\"7ca57277\" data-element_type=\"section\" data-e-type=\"section\">\n\t\t\t\t\t\t<div class=\"elementor-container elementor-column-gap-default\">\n\t\t\t\t\t<div class=\"elementor-column elementor-col-100 elementor-top-column elementor-element elementor-element-12a2233f\" data-id=\"12a2233f\" data-element_type=\"column\" data-e-type=\"column\">\n\t\t\t<div class=\"elementor-widget-wrap elementor-element-populated\">\n\t\t\t\t\t\t<div class=\"elementor-element elementor-element-bb6c17d elementor-widget elementor-widget-text-editor\" data-id=\"bb6c17d\" data-element_type=\"widget\" data-e-type=\"widget\" data-widget_type=\"text-editor.default\">\n\t\t\t\t<div class=\"elementor-widget-container\">\n\t\t\t\t\t\t\t\t\t<h1><span style=\"color: #51778c;\">Une rentr\u00e9e sous le signe de la coh\u00e9sion et de la synergie pour nos \u00e9quipes !<\/span><\/h1><div class=\"group w-full text-gray-800 dark:text-gray-100 border-b border-black\/10 dark:border-gray-900\/50 bg-gray-50 dark:bg-[#444654]\"><div class=\"flex p-4 gap-4 text-base md:gap-6 md:max-w-2xl lg:max-w-xl xl:max-w-3xl md:py-6 lg:px-0 m-auto\"><div class=\"relative flex w-[calc(100%-50px)] flex-col gap-1 md:gap-3 lg:w-[calc(100%-115px)]\"><div class=\"flex flex-grow flex-col gap-3\"><div class=\"min-h-[20px] flex flex-col items-start gap-4 whitespace-pre-wrap break-words\"><div class=\"markdown prose w-full break-words dark:prose-invert dark\"><p><span style=\"color: #51778c;\"><strong>INFRANEO : Une Rentr\u00e9e Plac\u00e9e sous le Signe de la Coh\u00e9sion et de la Synergie<\/strong><\/span><\/p><p><span style=\"color: #51778c;\">Chez INFRANEO, nous avons r\u00e9cemment c\u00e9l\u00e9br\u00e9 la rentr\u00e9e en mettant l&rsquo;accent sur deux valeurs fondamentales qui sont au c\u0153ur de notre entreprise : la coh\u00e9sion et la synergie. Nous avons d\u00e9montr\u00e9 cet engagement par notre r\u00e9cente journ\u00e9e d&rsquo;\u00e9changes, o\u00f9 nous avons soulign\u00e9 l&rsquo;importance de travailler ensemble pour atteindre nos objectifs communs.<\/span><\/p><h2><span style=\"color: #51778c;\">Une Journ\u00e9e d&rsquo;\u00c9changes au Dock B \u00e0 Pantin<\/span><\/h2><p><span style=\"color: #51778c;\">Le 19 septembre dernier, nous avons organis\u00e9 une journ\u00e9e d&rsquo;\u00e9changes au Dock B \u00e0 Pantin. Cet \u00e9v\u00e9nement a rassembl\u00e9 des responsables d&rsquo;agences, des \u00e9quipes techniques, des ressources humaines ainsi que le d\u00e9partement financier. Il s&rsquo;agissait d&rsquo;une plateforme pr\u00e9cieuse pour le partage d&rsquo;id\u00e9es, l&rsquo;\u00e9tablissement de nouvelles connexions et la consolidation de nos relations d&rsquo;\u00e9quipe.<\/span><\/p><h3><span style=\"color: #51778c;\">Les \u00c9volutions du Groupe INFRANEO<\/span><\/h3><p><span style=\"color: #51778c;\">Cette r\u00e9union a \u00e9galement \u00e9t\u00e9 l&rsquo;occasion de r\u00e9fl\u00e9chir collectivement et de mani\u00e8re collaborative sur les \u00e9volutions du Groupe. Nous avons effectu\u00e9 un bilan d\u00e9taill\u00e9, examin\u00e9 attentivement nos processus internes, mis en lumi\u00e8re les r\u00e9ussites et les d\u00e9fis, et identifi\u00e9 les opportunit\u00e9s d&rsquo;am\u00e9lioration et de croissance. Cette journ\u00e9e a marqu\u00e9 une \u00e9tape importante dans notre qu\u00eate d&rsquo;excellence et d&rsquo;innovation constante.<\/span><\/p><p>\u00a0<\/p><h2><span style=\"color: #51778c;\">Exploration des Synergies entre nos \u00c9quipes<\/span><\/h2><p><span style=\"color: #51778c;\">La journ\u00e9e a aussi servi de plateforme pour explorer les synergies possibles entre nos agences, en France et en Europe. En renfor\u00e7ant les liens entre nos diff\u00e9rentes \u00e9quipes et en favorisant une collaboration \u00e9troite, nous sommes en mesure d&rsquo;am\u00e9liorer nos services et de proposer des solutions plus coh\u00e9rentes et plus efficaces \u00e0 nos clients.<\/span><\/p><h3><span style=\"color: #51778c;\">Nos \u00c9quipes au C\u0153ur des Probl\u00e9matiques \u00ab\u00a0Terrain\u00a0\u00bb<\/span><\/h3><p><span style=\"color: #51778c;\">L&rsquo;une de nos principales priorit\u00e9s chez INFRANEO est de rester proche des probl\u00e9matiques \u00ab terrain \u00bb. C&rsquo;est pourquoi nous nous inscrivons dans une politique d\u2019innovation et d\u2019am\u00e9lioration continue. Notre but est de rester en phase avec de r\u00e9els d\u00e9fis uniques que nos clients rencontrent sur leurs chantiers, et de d\u00e9velopper des solutions innovantes qui r\u00e9pondent \u00e0 ces d\u00e9fis.<\/span><\/p><h4><span style=\"color: #51778c;\">Les Synergies au sein de nos \u00c9quipes<\/span><\/h4><p><span style=\"color: #51778c;\">Les synergies cr\u00e9\u00e9es au sein du groupe, que ce soit en termes de comp\u00e9tences, de moyens mat\u00e9riels ou humains, sont au c\u0153ur de notre capacit\u00e9 \u00e0 proposer un accompagnement complet sur vos chantiers et vos infrastructures. En mettant en commun nos ressources et notre expertise, nous sommes en mesure d&rsquo;offrir une valeur ajout\u00e9e significative \u00e0 nos clients.<\/span><\/p><p>\u00a0<\/p><h2><span style=\"color: #51778c;\">Les \u00c9quipes INFRANEO Proches de Vous<\/span><\/h2><p><span style=\"color: #51778c;\">Notre r\u00e9seau d&rsquo;agences \u00e0 travers la France et l&rsquo;Europe nous permet de rester proches de nos clients. Nous sommes capables de fournir un service localis\u00e9 et personnalis\u00e9, adapt\u00e9 aux besoins sp\u00e9cifiques de chaque projet. Nos \u00e9quipes locales, avec leur connaissance approfondie du terrain et leur expertise technique, sont pr\u00eates \u00e0 vous aider \u00e0 chaque \u00e9tape de votre projet.<\/span><\/p><\/div><\/div><\/div><\/div><\/div><\/div><div class=\"group w-full text-gray-800 dark:text-gray-100 border-b border-black\/10 dark:border-gray-900\/50 bg-gray-50 dark:bg-[#444654]\"><div class=\"flex p-4 gap-4 text-base md:gap-6 md:max-w-2xl lg:max-w-xl xl:max-w-3xl md:py-6 lg:px-0 m-auto\"><div class=\"relative flex w-[calc(100%-50px)] flex-col gap-1 md:gap-3 lg:w-[calc(100%-115px)]\"><div class=\"flex flex-grow flex-col gap-3\"><div class=\"min-h-[20px] flex flex-col items-start gap-4 whitespace-pre-wrap break-words\"><div class=\"markdown prose w-full break-words dark:prose-invert dark\"><p><span style=\"color: #51778c;\"><strong>INFRANEO : Une Rentr\u00e9e Plac\u00e9e sous le Signe de la Coh\u00e9sion, de la Synergie et de l&rsquo;Innovation Constante<\/strong><\/span><\/p><p><span style=\"color: #51778c;\">Chez INFRANEO, nous avons r\u00e9cemment c\u00e9l\u00e9br\u00e9 la rentr\u00e9e en mettant l&rsquo;accent sur deux valeurs fondamentales qui sont au c\u0153ur de notre entreprise : la coh\u00e9sion et la synergie. Notre engagement envers ces valeurs se manifeste par notre d\u00e9termination \u00e0 travailler ensemble pour atteindre nos objectifs communs et \u00e0 \u00e9voluer constamment pour mieux r\u00e9pondre aux besoins de nos clients.<\/span><\/p><p>\u00a0<\/p><h2><span style=\"color: #51778c;\">Une Journ\u00e9e d&rsquo;\u00c9changes au Dock B \u00e0 Pantin : Renforcer les Liens et Favoriser la Collaboration<\/span><\/h2><p><span style=\"color: #51778c;\">Le 19 septembre dernier, nous avons organis\u00e9 une journ\u00e9e d&rsquo;\u00e9changes au Dock B \u00e0 Pantin. Cet \u00e9v\u00e9nement a rassembl\u00e9 les responsables d&rsquo;agences, les \u00e9quipes techniques, les ressources humaines et le d\u00e9partement financier. Il avait pour objectif de renforcer les liens entre nos \u00e9quipes et de favoriser la collaboration en partageant des id\u00e9es, des exp\u00e9riences et des strat\u00e9gies pour am\u00e9liorer nos services.<\/span><\/p><h3><span style=\"color: #51778c;\">Les \u00c9volutions du Groupe INFRANEO: R\u00e9flexion Collective et Innovations<\/span><\/h3><p><span style=\"color: #51778c;\">La r\u00e9union a \u00e9t\u00e9 l&rsquo;occasion de r\u00e9fl\u00e9chir collectivement et de mani\u00e8re collaborative sur les \u00e9volutions du Groupe. Nous avons effectu\u00e9 un bilan d\u00e9taill\u00e9 pour examiner attentivement nos processus internes, mettre en lumi\u00e8re nos r\u00e9ussites et identifier les d\u00e9fis \u00e0 relever. Cette approche nous a permis de d\u00e9terminer les opportunit\u00e9s d&rsquo;am\u00e9lioration et de croissance, et de tracer la voie pour une innovation constante.<\/span><\/p><p>\u00a0<\/p><h2><span style=\"color: #51778c;\">Exploration des Synergies entre nos \u00c9quipes : Vers une Meilleure Efficacit\u00e9<\/span><\/h2><p><span style=\"color: #51778c;\">La journ\u00e9e a \u00e9galement servi de plateforme pour explorer les synergies possibles entre nos agences, en France et en Europe. En renfor\u00e7ant les liens entre nos diff\u00e9rentes \u00e9quipes et en privil\u00e9giant une collaboration \u00e9troite, nous sommes en mesure d&rsquo;am\u00e9liorer nos services et de proposer des solutions plus coh\u00e9rentes et plus efficaces \u00e0 nos clients.<\/span><\/p><h3><span style=\"color: #51778c;\">Nos \u00c9quipes au C\u0153ur des Probl\u00e9matiques \u00ab\u00a0Terrain\u00a0\u00bb : Innovation et Am\u00e9lioration Continue<\/span><\/h3><p><span style=\"color: #51778c;\">L&rsquo;une de nos principales priorit\u00e9s chez INFRANEO est de rester proche des probl\u00e9matiques \u00ab terrain \u00bb et de nous adapter aux besoins sp\u00e9cifiques de chaque projet. C&rsquo;est pourquoi nous nous inscrivons dans une politique d\u2019innovation et d\u2019am\u00e9lioration continue. Notre but est de rester en phase avec de r\u00e9els d\u00e9fis uniques que nos clients rencontrent sur leurs chantiers, et de d\u00e9velopper des solutions innovantes qui r\u00e9pondent \u00e0 ces d\u00e9fis.<\/span><\/p><h4><span style=\"color: #51778c;\">Les Synergies au sein de nos \u00c9quipes : Valoriser les Comp\u00e9tences et les Ressources<\/span><\/h4><p><span style=\"color: #51778c;\">Les synergies cr\u00e9\u00e9es au sein du groupe, que ce soit en termes de comp\u00e9tences, de moyens mat\u00e9riels ou humains, sont au c\u0153ur de notre capacit\u00e9 \u00e0 proposer un accompagnement complet sur vos chantiers et vos infrastructures. En mettant en commun nos ressources et notre expertise, nous sommes en mesure d&rsquo;offrir une valeur ajout\u00e9e significative \u00e0 nos clients.<\/span><\/p><p>\u00a0<\/p><h2><span style=\"color: #51778c;\">Les \u00c9quipes INFRANEO Proches de Vous : Un Service Localis\u00e9 et Personnalis\u00e9<\/span><\/h2><p><span style=\"color: #51778c;\">Notre r\u00e9seau d&rsquo;agences \u00e0 travers la France et l&rsquo;Europe nous permet de rester proches<\/span><\/p><\/div><\/div><\/div><\/div><\/div><\/div><p><span style=\"color: #51778c;\"><img fetchpriority=\"high\" decoding=\"async\" class=\"alignnone wp-image-1103 size-medium\" src=\"https:\/\/infraneo.com\/archive\/wp-content\/uploads\/2022\/04\/Maitrise-doeuvre-300x221.png\" alt=\"\u00e9quipes de proximit\u00e9 INFRANEO\" width=\"300\" height=\"221\" srcset=\"https:\/\/infraneo.com\/archive\/wp-content\/uploads\/2022\/04\/Maitrise-doeuvre-300x221.png 300w, https:\/\/infraneo.com\/archive\/wp-content\/uploads\/2022\/04\/Maitrise-doeuvre.png 681w\" sizes=\"(max-width: 300px) 100vw, 300px\" \/><\/span><\/p>\t\t\t\t\t\t\t\t<\/div>\n\t\t\t\t<\/div>\n\t\t\t\t\t<\/div>\n\t\t<\/div>\n\t\t\t\t\t<\/div>\n\t\t<\/section>\n\t\t\t\t<\/div>\n\t\t","protected":false},"excerpt":{"rendered":"<p>Une rentr\u00e9e sous le signe de la coh\u00e9sion et de la synergie pour nos \u00e9quipes ! INFRANEO : Une Rentr\u00e9e Plac\u00e9e sous le Signe de la Coh\u00e9sion et de la Synergie Chez INFRANEO, nous avons r\u00e9cemment c\u00e9l\u00e9br\u00e9 la rentr\u00e9e en mettant l&rsquo;accent sur deux valeurs fondamentales qui sont au c\u0153ur de notre entreprise : la [&hellip;]<\/p>\n","protected":false},"author":5,"featured_media":2251,"comment_status":"closed","ping_status":"closed","sticky":false,"template":"","format":"standard","meta":{"_acf_changed":false,"_monsterinsights_skip_tracking":false,"_monsterinsights_sitenote_active":false,"_monsterinsights_sitenote_note":"","_monsterinsights_sitenote_category":0,"_uf_show_specific_survey":0,"_uf_disable_surveys":false,"footnotes":""},"categories":[6],"tags":[],"class_list":["post-2229","post","type-post","status-publish","format-standard","has-post-thumbnail","hentry","category-news"],"acf":[],"_links":{"self":[{"href":"https:\/\/infraneo.com\/archive\/wp-json\/wp\/v2\/posts\/2229","targetHints":{"allow":["GET"]}}],"collection":[{"href":"https:\/\/infraneo.com\/archive\/wp-json\/wp\/v2\/posts"}],"about":[{"href":"https:\/\/infraneo.com\/archive\/wp-json\/wp\/v2\/types\/post"}],"author":[{"embeddable":true,"href":"https:\/\/infraneo.com\/archive\/wp-json\/wp\/v2\/users\/5"}],"replies":[{"embeddable":true,"href":"https:\/\/infraneo.com\/archive\/wp-json\/wp\/v2\/comments?post=2229"}],"version-history":[{"count":7,"href":"https:\/\/infraneo.com\/archive\/wp-json\/wp\/v2\/posts\/2229\/revisions"}],"predecessor-version":[{"id":3148,"href":"https:\/\/infraneo.com\/archive\/wp-json\/wp\/v2\/posts\/2229\/revisions\/3148"}],"wp:featuredmedia":[{"embeddable":true,"href":"https:\/\/infraneo.com\/archive\/wp-json\/wp\/v2\/media\/2251"}],"wp:attachment":[{"href":"https:\/\/infraneo.com\/archive\/wp-json\/wp\/v2\/media?parent=2229"}],"wp:term":[{"taxonomy":"category","embeddable":true,"href":"https:\/\/infraneo.com\/archive\/wp-json\/wp\/v2\/categories?post=2229"},{"taxonomy":"post_tag","embeddable":true,"href":"https:\/\/infraneo.com\/archive\/wp-json\/wp\/v2\/tags?post=2229"}],"curies":[{"name":"wp","href":"https:\/\/api.w.org\/{rel}","templated":true}]}}