{"id":2786,"date":"2023-06-16T12:17:40","date_gmt":"2023-06-16T12:17:40","guid":{"rendered":"https:\/\/infraneo.com\/archive\/?p=2786"},"modified":"2023-06-16T12:31:30","modified_gmt":"2023-06-16T12:31:30","slug":"salons-professionnels-infraneo","status":"publish","type":"post","link":"https:\/\/infraneo.com\/archive\/salons-professionnels-infraneo\/","title":{"rendered":"Un tour de France des salons professionnels pour INFRANEO"},"content":{"rendered":"\t\t<div data-elementor-type=\"wp-post\" data-elementor-id=\"2786\" class=\"elementor elementor-2786\" data-elementor-post-type=\"post\">\n\t\t\t\t\t\t<section class=\"elementor-section elementor-top-section elementor-element elementor-element-12af024 elementor-section-boxed elementor-section-height-default elementor-section-height-default\" data-id=\"12af024\" data-element_type=\"section\" data-e-type=\"section\">\n\t\t\t\t\t\t<div class=\"elementor-container elementor-column-gap-default\">\n\t\t\t\t\t<div class=\"elementor-column elementor-col-100 elementor-top-column elementor-element elementor-element-d50dfb1\" data-id=\"d50dfb1\" data-element_type=\"column\" data-e-type=\"column\">\n\t\t\t<div class=\"elementor-widget-wrap elementor-element-populated\">\n\t\t\t\t\t\t<div class=\"elementor-element elementor-element-b18f101 elementor-widget elementor-widget-text-editor\" data-id=\"b18f101\" data-element_type=\"widget\" data-e-type=\"widget\" data-widget_type=\"text-editor.default\">\n\t\t\t\t<div class=\"elementor-widget-container\">\n\t\t\t\t\t\t\t\t\t<h1><b>Un tour de France des salons pour INFRANEO<\/b><\/h1><h2>\u00a0<\/h2><h2><span style=\"color: #ff9900;\"><b>Salons professionnels INFRANEO : 2 temps forts<\/b><\/span><\/h2><p>\u00a0<\/p><p><span style=\"font-weight: 400;\">Le groupe INFRANEO, leader europ\u00e9en dans le domaine de l&rsquo;ing\u00e9nierie des sols et des structures, a particip\u00e9 \u00e0 deux salons professionnels majeurs ce mois de juin 2023.<\/span><\/p><p><span style=\"font-weight: 400;\">Ces 2 \u00e9v\u00e9nements, <a href=\"https:\/\/www.villesetpatrimoine.fr\/\" target=\"_blank\" rel=\"noopener\">Villes et Patrimoine<\/a> \u00e0 Bordeaux et <a href=\"https:\/\/www.eurexpo.com\/solscope\" target=\"_blank\" rel=\"noopener\">Solscope<\/a> \u00e0 Lyon, ont \u00e9t\u00e9 l&rsquo;occasion pour les professionnels du secteur de d\u00e9couvrir les derni\u00e8res innovations du groupe.<\/span><\/p><p><span style=\"font-weight: 400;\">Un moment unique pour \u00e9changer avec les \u00e9quipes INFRANEO et b\u00e9n\u00e9ficier de leur expertise m\u00e9tier reconnue.<\/span><\/p>\t\t\t\t\t\t\t\t<\/div>\n\t\t\t\t<\/div>\n\t\t\t\t\t<\/div>\n\t\t<\/div>\n\t\t\t\t\t<\/div>\n\t\t<\/section>\n\t\t\t\t<section class=\"elementor-section elementor-top-section elementor-element elementor-element-a4be44a elementor-section-boxed elementor-section-height-default elementor-section-height-default\" data-id=\"a4be44a\" data-element_type=\"section\" data-e-type=\"section\">\n\t\t\t\t\t\t<div class=\"elementor-container elementor-column-gap-default\">\n\t\t\t\t\t<div class=\"elementor-column elementor-col-100 elementor-top-column elementor-element elementor-element-41a84f0\" data-id=\"41a84f0\" data-element_type=\"column\" data-e-type=\"column\">\n\t\t\t<div class=\"elementor-widget-wrap\">\n\t\t\t\t\t\t\t<\/div>\n\t\t<\/div>\n\t\t\t\t\t<\/div>\n\t\t<\/section>\n\t\t\t\t<section class=\"elementor-section elementor-top-section elementor-element elementor-element-f0815ff elementor-section-boxed elementor-section-height-default elementor-section-height-default\" data-id=\"f0815ff\" data-element_type=\"section\" data-e-type=\"section\">\n\t\t\t\t\t\t<div class=\"elementor-container elementor-column-gap-default\">\n\t\t\t\t\t<div class=\"elementor-column elementor-col-50 elementor-top-column elementor-element elementor-element-9b7695e\" data-id=\"9b7695e\" data-element_type=\"column\" data-e-type=\"column\">\n\t\t\t<div class=\"elementor-widget-wrap elementor-element-populated\">\n\t\t\t\t\t\t<div class=\"elementor-element elementor-element-630b6221 elementor-widget elementor-widget-text-editor\" data-id=\"630b6221\" data-element_type=\"widget\" data-e-type=\"widget\" data-widget_type=\"text-editor.default\">\n\t\t\t\t<div class=\"elementor-widget-container\">\n\t\t\t\t\t\t\t\t\t<h3><b>1. Villes et Patrimoine \u00e0 Bordeaux<\/b><\/h3>\n<p><span style=\"font-weight: 400;\">Le salon Villes et Patrimoine s&rsquo;est tenu \u00e0 Bordeaux. C&rsquo;est un rendez-vous incontournable pour tous les acteurs de la <a href=\"https:\/\/infraneo.com\/archive\/ingenierie-des-structures\/\">r\u00e9habilitation d&rsquo;ouvrages<\/a> qui souhaitent s&rsquo;engager pour la ville de demain.<\/span><\/p>\n<p><span style=\"font-weight: 400;\">INFRANEO, en tant que partenaire privil\u00e9gi\u00e9 de nombreuses collectivit\u00e9s locales et d&rsquo;entreprises du secteur, a pr\u00e9sent\u00e9 ses solutions novatrices et son savoir-faire.<\/span><\/p>\n<p><span style=\"font-weight: 400;\">La pr\u00e9sence d&rsquo;INFRANEO \u00e0 ce salon a permis aux visiteur d&rsquo;\u00e9changer directement avec les \u00e9quipes du groupe.<\/span><\/p>\n<p><span style=\"font-weight: 400;\">Une opportunit\u00e9 de discuter avec des experts terrain, d&rsquo;obtenir des conseils personnalis\u00e9s et de d\u00e9couvrir les meilleures pratiques en mati\u00e8re de r\u00e9habilitation d&rsquo;ouvrages.<\/span><\/p>\n<p><span style=\"font-weight: 400;\">Cette proximit\u00e9 avec les professionnels d&rsquo;INFRANEO a permis aux participants d&rsquo;approfondir leurs connaissances et d&rsquo;envisager des partenariats pour leurs projets futurs.<\/span><\/p>\n<p><span style=\"font-weight: 400;\">INFRANEO a profit\u00e9 de ce salon pour d\u00e9voiler ses derni\u00e8res&nbsp;<a href=\"https:\/\/infraneo.com\/archive\/innovation\/\">innovations technologiques<\/a>.<\/span><\/p>\n<p><span style=\"font-weight: 400;\">Gr\u00e2ce \u00e0 son engagement continu en mati\u00e8re de recherche et d\u00e9veloppement, le groupe est \u00e0 la pointe des avanc\u00e9es dans le domaine de la r\u00e9habilitation d&rsquo;ouvrages et du patrimoine historique.<\/span><\/p>\n<p><span style=\"font-weight: 400;\">Les visiteurs ont ainsi d\u00e9couvert en avant-premi\u00e8re les nouvelles techniques, les mat\u00e9riaux innovants et les \u00e9quipements de pointe d\u00e9velopp\u00e9s par INFRANEO.<\/span><\/p>\n<p>Objectif <span style=\"font-weight: 400;\">: optimiser la durabilit\u00e9, la r\u00e9sistance et la s\u00e9curit\u00e9 des structures existantes.<\/span><\/p>\t\t\t\t\t\t\t\t<\/div>\n\t\t\t\t<\/div>\n\t\t\t\t\t<\/div>\n\t\t<\/div>\n\t\t\t\t<div class=\"elementor-column elementor-col-50 elementor-top-column elementor-element elementor-element-3e7eeef\" data-id=\"3e7eeef\" data-element_type=\"column\" data-e-type=\"column\">\n\t\t\t<div class=\"elementor-widget-wrap elementor-element-populated\">\n\t\t\t\t\t\t<div class=\"elementor-element elementor-element-55aab57 elementor-widget elementor-widget-image\" data-id=\"55aab57\" data-element_type=\"widget\" data-e-type=\"widget\" data-widget_type=\"image.default\">\n\t\t\t\t<div class=\"elementor-widget-container\">\n\t\t\t\t\t\t\t\t\t\t\t\t\t\t\t<img fetchpriority=\"high\" decoding=\"async\" width=\"800\" height=\"600\" src=\"https:\/\/infraneo.com\/archive\/wp-content\/uploads\/2023\/06\/1686329293438.jpeg\" class=\"attachment-large size-large wp-image-2791\" alt=\"Infraneo\" srcset=\"https:\/\/infraneo.com\/archive\/wp-content\/uploads\/2023\/06\/1686329293438.jpeg 800w, https:\/\/infraneo.com\/archive\/wp-content\/uploads\/2023\/06\/1686329293438-300x225.jpeg 300w, https:\/\/infraneo.com\/archive\/wp-content\/uploads\/2023\/06\/1686329293438-768x576.jpeg 768w\" sizes=\"(max-width: 800px) 100vw, 800px\" \/>\t\t\t\t\t\t\t\t\t\t\t\t\t\t\t<\/div>\n\t\t\t\t<\/div>\n\t\t\t\t<div class=\"elementor-element elementor-element-07814c4 elementor-widget elementor-widget-image\" data-id=\"07814c4\" data-element_type=\"widget\" data-e-type=\"widget\" data-widget_type=\"image.default\">\n\t\t\t\t<div class=\"elementor-widget-container\">\n\t\t\t\t\t\t\t\t\t\t\t\t\t\t\t<img decoding=\"async\" width=\"800\" height=\"600\" src=\"https:\/\/infraneo.com\/archive\/wp-content\/uploads\/2023\/06\/1686558335575.jpeg\" class=\"attachment-large size-large wp-image-2792\" alt=\"infraneo salons professionnels\" srcset=\"https:\/\/infraneo.com\/archive\/wp-content\/uploads\/2023\/06\/1686558335575.jpeg 800w, https:\/\/infraneo.com\/archive\/wp-content\/uploads\/2023\/06\/1686558335575-300x225.jpeg 300w, https:\/\/infraneo.com\/archive\/wp-content\/uploads\/2023\/06\/1686558335575-768x576.jpeg 768w\" sizes=\"(max-width: 800px) 100vw, 800px\" \/>\t\t\t\t\t\t\t\t\t\t\t\t\t\t\t<\/div>\n\t\t\t\t<\/div>\n\t\t\t\t\t<\/div>\n\t\t<\/div>\n\t\t\t\t\t<\/div>\n\t\t<\/section>\n\t\t\t\t<section class=\"elementor-section elementor-top-section elementor-element elementor-element-479d991 elementor-section-boxed elementor-section-height-default elementor-section-height-default\" data-id=\"479d991\" data-element_type=\"section\" data-e-type=\"section\">\n\t\t\t\t\t\t<div class=\"elementor-container elementor-column-gap-default\">\n\t\t\t\t\t<div class=\"elementor-column elementor-col-50 elementor-top-column elementor-element elementor-element-2aea6c6\" data-id=\"2aea6c6\" data-element_type=\"column\" data-e-type=\"column\">\n\t\t\t<div class=\"elementor-widget-wrap elementor-element-populated\">\n\t\t\t\t\t\t<div class=\"elementor-element elementor-element-b658a8f elementor-invisible elementor-widget elementor-widget-image\" data-id=\"b658a8f\" data-element_type=\"widget\" data-e-type=\"widget\" data-settings=\"{&quot;_animation&quot;:&quot;slideInLeft&quot;}\" data-widget_type=\"image.default\">\n\t\t\t\t<div class=\"elementor-widget-container\">\n\t\t\t\t\t\t\t\t\t\t\t\t\t\t\t<img decoding=\"async\" width=\"800\" height=\"600\" src=\"https:\/\/infraneo.com\/archive\/wp-content\/uploads\/2023\/06\/1686820317865.jpeg\" class=\"attachment-large size-large wp-image-2811\" alt=\"salons professionnels infraneo\" srcset=\"https:\/\/infraneo.com\/archive\/wp-content\/uploads\/2023\/06\/1686820317865.jpeg 800w, https:\/\/infraneo.com\/archive\/wp-content\/uploads\/2023\/06\/1686820317865-300x225.jpeg 300w, https:\/\/infraneo.com\/archive\/wp-content\/uploads\/2023\/06\/1686820317865-768x576.jpeg 768w\" sizes=\"(max-width: 800px) 100vw, 800px\" \/>\t\t\t\t\t\t\t\t\t\t\t\t\t\t\t<\/div>\n\t\t\t\t<\/div>\n\t\t\t\t\t<\/div>\n\t\t<\/div>\n\t\t\t\t<div class=\"elementor-column elementor-col-50 elementor-top-column elementor-element elementor-element-55a2e44\" data-id=\"55a2e44\" data-element_type=\"column\" data-e-type=\"column\">\n\t\t\t<div class=\"elementor-widget-wrap elementor-element-populated\">\n\t\t\t\t\t\t<div class=\"elementor-element elementor-element-9917d72 elementor-widget elementor-widget-text-editor\" data-id=\"9917d72\" data-element_type=\"widget\" data-e-type=\"widget\" data-widget_type=\"text-editor.default\">\n\t\t\t\t<div class=\"elementor-widget-container\">\n\t\t\t\t\t\t\t\t\t<h3><span style=\"color: #000000;\"><b>2. Solscope \u00e0 Lyon<\/b><\/span><\/h3><div><span style=\"color: #000000;\"><b>\u00a0<\/b><\/span><\/div><p><span style=\"font-weight: 400; color: #000000;\">Le salon Solscope \u00e0 Lyon est un \u00e9v\u00e9nement majeur dans le <a href=\"https:\/\/infraneo.com\/archive\/expertise-ingenierie-geotechnique\/\">domaine de la g\u00e9otechnique, du forage et des fondations sp\u00e9ciales<\/a>. Il r\u00e9unit chaque ann\u00e9e les professionnels et les experts du secteur pour pr\u00e9senter les derni\u00e8res avanc\u00e9es technologiques et \u00e9changer sur les bonnes pratiques. Cette ann\u00e9e, INFRANEO \u00e9tait pr\u00e9sent pour partager son exp\u00e9rience et son expertise en mati\u00e8re de g\u00e9otechnique.<\/span><\/p><p><span style=\"font-weight: 400; color: #000000;\">L&rsquo;avantage majeur de la participation d&rsquo;INFRANEO au salon Solscope 2023 est la possibilit\u00e9 pour les visiteurs de b\u00e9n\u00e9ficier de conseils techniques personnalis\u00e9s.<\/span><\/p><p><span style=\"font-weight: 400; color: #000000;\">Les \u00e9quipes d&rsquo;INFRANEO ont \u00e9t\u00e9 disponibles pour r\u00e9pondre aux questions des participants, les conseiller sur les solutions adapt\u00e9es \u00e0 leurs projets et les orienter vers les meilleures pratiques en mati\u00e8re de g\u00e9otechnique, de forage et de fondations sp\u00e9ciales.<\/span><\/p><p><span style=\"font-weight: 400; color: #000000;\">Cette interaction directe avec les experts d&rsquo;INFRANEO est une opportunit\u00e9 pr\u00e9cieuse pour les professionnels du secteur de b\u00e9n\u00e9ficier de conseils avis\u00e9s.<\/span><\/p>\t\t\t\t\t\t\t\t<\/div>\n\t\t\t\t<\/div>\n\t\t\t\t\t<\/div>\n\t\t<\/div>\n\t\t\t\t\t<\/div>\n\t\t<\/section>\n\t\t\t\t<section class=\"elementor-section elementor-top-section elementor-element elementor-element-ce6e8f5 elementor-section-boxed elementor-section-height-default elementor-section-height-default\" data-id=\"ce6e8f5\" data-element_type=\"section\" data-e-type=\"section\">\n\t\t\t\t\t\t<div class=\"elementor-container elementor-column-gap-default\">\n\t\t\t\t\t<div class=\"elementor-column elementor-col-100 elementor-top-column elementor-element elementor-element-ae5c124\" data-id=\"ae5c124\" data-element_type=\"column\" data-e-type=\"column\">\n\t\t\t<div class=\"elementor-widget-wrap elementor-element-populated\">\n\t\t\t\t\t\t<div class=\"elementor-element elementor-element-6997c62 elementor-widget-divider--view-line elementor-widget elementor-widget-divider\" data-id=\"6997c62\" data-element_type=\"widget\" data-e-type=\"widget\" data-widget_type=\"divider.default\">\n\t\t\t\t<div class=\"elementor-widget-container\">\n\t\t\t\t\t\t\t<div class=\"elementor-divider\">\n\t\t\t<span class=\"elementor-divider-separator\">\n\t\t\t\t\t\t<\/span>\n\t\t<\/div>\n\t\t\t\t\t\t<\/div>\n\t\t\t\t<\/div>\n\t\t\t\t\t<\/div>\n\t\t<\/div>\n\t\t\t\t\t<\/div>\n\t\t<\/section>\n\t\t\t\t<section class=\"elementor-section elementor-top-section elementor-element elementor-element-b9b3447 elementor-section-boxed elementor-section-height-default elementor-section-height-default\" data-id=\"b9b3447\" data-element_type=\"section\" data-e-type=\"section\">\n\t\t\t\t\t\t<div class=\"elementor-container elementor-column-gap-default\">\n\t\t\t\t\t<div class=\"elementor-column elementor-col-100 elementor-top-column elementor-element elementor-element-5c7a432\" data-id=\"5c7a432\" data-element_type=\"column\" data-e-type=\"column\">\n\t\t\t<div class=\"elementor-widget-wrap elementor-element-populated\">\n\t\t\t\t\t\t<div class=\"elementor-element elementor-element-44a910c elementor-widget elementor-widget-text-editor\" data-id=\"44a910c\" data-element_type=\"widget\" data-e-type=\"widget\" data-widget_type=\"text-editor.default\">\n\t\t\t\t<div class=\"elementor-widget-container\">\n\t\t\t\t\t\t\t\t\t<h2><span style=\"color: #ff9900;\"><b>Les \u00e9quipes INFRANEO au complet pour ces \u00e9v\u00e9nements professionnels<\/b><\/span><\/h2><div><span style=\"color: #ff9900;\"><b>\u00a0<\/b><\/span><\/div><p><span style=\"font-weight: 400;\">Lors de ces 2 salons professionnels majeurs, nos \u00e9quipes sont venues \u00e0 la rencontre des visiteurs lyonnais et bordelais.<\/span><\/p><p><span style=\"font-weight: 400;\">Experts m\u00e9tier, responsables de p\u00f4le, directeurs techniques, responsables du d\u00e9veloppement, etc.<\/span><\/p><p><span style=\"font-weight: 400;\">Nos \u00e9quipes \u00e9taient compos\u00e9es de m\u00e9tiers compl\u00e9mentaires pour couvrir tours les besoins techniques des visiteurs.<\/span><\/p><p>A tr\u00e8s vite pour de nouvelles dates !<\/p><p style=\"color: #000000;\">\u00a0<\/p>\t\t\t\t\t\t\t\t<\/div>\n\t\t\t\t<\/div>\n\t\t\t\t\t<\/div>\n\t\t<\/div>\n\t\t\t\t\t<\/div>\n\t\t<\/section>\n\t\t\t\t<section class=\"elementor-section elementor-top-section elementor-element elementor-element-aebe3dc elementor-section-boxed elementor-section-height-default elementor-section-height-default\" data-id=\"aebe3dc\" data-element_type=\"section\" data-e-type=\"section\">\n\t\t\t\t\t\t<div class=\"elementor-container elementor-column-gap-default\">\n\t\t\t\t\t<div class=\"elementor-column elementor-col-100 elementor-top-column elementor-element elementor-element-361de80\" data-id=\"361de80\" data-element_type=\"column\" data-e-type=\"column\">\n\t\t\t<div class=\"elementor-widget-wrap elementor-element-populated\">\n\t\t\t\t\t\t<div class=\"elementor-element elementor-element-598de5e elementor-button-success elementor-align-center elementor-widget elementor-widget-button\" data-id=\"598de5e\" data-element_type=\"widget\" data-e-type=\"widget\" data-widget_type=\"button.default\">\n\t\t\t\t<div class=\"elementor-widget-container\">\n\t\t\t\t\t\t\t\t\t<div class=\"elementor-button-wrapper\">\n\t\t\t\t\t<a class=\"elementor-button elementor-button-link elementor-size-sm\" href=\"https:\/\/www.linkedin.com\/company\/infraneo1\/\" target=\"_blank\" rel=\"noopener\">\n\t\t\t\t\t\t<span class=\"elementor-button-content-wrapper\">\n\t\t\t\t\t\t\t\t\t<span class=\"elementor-button-text\">Suivez nous sur LinkedIn pour tout savoir sur notre actualit\u00e9<\/span>\n\t\t\t\t\t<\/span>\n\t\t\t\t\t<\/a>\n\t\t\t\t<\/div>\n\t\t\t\t\t\t\t\t<\/div>\n\t\t\t\t<\/div>\n\t\t\t\t<div class=\"elementor-element elementor-element-e97a1dc elementor-view-default elementor-widget elementor-widget-icon\" data-id=\"e97a1dc\" data-element_type=\"widget\" data-e-type=\"widget\" data-widget_type=\"icon.default\">\n\t\t\t\t<div class=\"elementor-widget-container\">\n\t\t\t\t\t\t\t<div class=\"elementor-icon-wrapper\">\n\t\t\t<div class=\"elementor-icon\">\n\t\t\t<i aria-hidden=\"true\" class=\"fab fa-linkedin\"><\/i>\t\t\t<\/div>\n\t\t<\/div>\n\t\t\t\t\t\t<\/div>\n\t\t\t\t<\/div>\n\t\t\t\t\t<\/div>\n\t\t<\/div>\n\t\t\t\t\t<\/div>\n\t\t<\/section>\n\t\t\t\t<\/div>\n\t\t","protected":false},"excerpt":{"rendered":"<p>Un tour de France des salons pour INFRANEO \u00a0 Salons professionnels INFRANEO : 2 temps forts \u00a0 Le groupe INFRANEO, leader europ\u00e9en dans le domaine de l&rsquo;ing\u00e9nierie des sols et des structures, a particip\u00e9 \u00e0 deux salons professionnels majeurs ce mois de juin 2023. Ces 2 \u00e9v\u00e9nements, Villes et Patrimoine \u00e0 Bordeaux et Solscope \u00e0 [&hellip;]<\/p>\n","protected":false},"author":5,"featured_media":2810,"comment_status":"closed","ping_status":"closed","sticky":false,"template":"","format":"standard","meta":{"_acf_changed":false,"_monsterinsights_skip_tracking":false,"_monsterinsights_sitenote_active":false,"_monsterinsights_sitenote_note":"","_monsterinsights_sitenote_category":0,"_uf_show_specific_survey":0,"_uf_disable_surveys":false,"footnotes":""},"categories":[6],"tags":[],"class_list":["post-2786","post","type-post","status-publish","format-standard","has-post-thumbnail","hentry","category-news"],"acf":[],"_links":{"self":[{"href":"https:\/\/infraneo.com\/archive\/wp-json\/wp\/v2\/posts\/2786","targetHints":{"allow":["GET"]}}],"collection":[{"href":"https:\/\/infraneo.com\/archive\/wp-json\/wp\/v2\/posts"}],"about":[{"href":"https:\/\/infraneo.com\/archive\/wp-json\/wp\/v2\/types\/post"}],"author":[{"embeddable":true,"href":"https:\/\/infraneo.com\/archive\/wp-json\/wp\/v2\/users\/5"}],"replies":[{"embeddable":true,"href":"https:\/\/infraneo.com\/archive\/wp-json\/wp\/v2\/comments?post=2786"}],"version-history":[{"count":0,"href":"https:\/\/infraneo.com\/archive\/wp-json\/wp\/v2\/posts\/2786\/revisions"}],"wp:featuredmedia":[{"embeddable":true,"href":"https:\/\/infraneo.com\/archive\/wp-json\/wp\/v2\/media\/2810"}],"wp:attachment":[{"href":"https:\/\/infraneo.com\/archive\/wp-json\/wp\/v2\/media?parent=2786"}],"wp:term":[{"taxonomy":"category","embeddable":true,"href":"https:\/\/infraneo.com\/archive\/wp-json\/wp\/v2\/categories?post=2786"},{"taxonomy":"post_tag","embeddable":true,"href":"https:\/\/infraneo.com\/archive\/wp-json\/wp\/v2\/tags?post=2786"}],"curies":[{"name":"wp","href":"https:\/\/api.w.org\/{rel}","templated":true}]}}