{"id":4200,"date":"2024-08-28T09:03:44","date_gmt":"2024-08-28T09:03:44","guid":{"rendered":"https:\/\/infraneo.com\/archive\/?p=4200"},"modified":"2024-08-28T09:39:17","modified_gmt":"2024-08-28T09:39:17","slug":"espace-collectivites-2024","status":"publish","type":"post","link":"https:\/\/infraneo.com\/archive\/espace-collectivites-2024\/","title":{"rendered":"Rendez-vous au Salon Espace Collectivit\u00e9s les 12 et 13 septembre 2024 !"},"content":{"rendered":"\t\t<div data-elementor-type=\"wp-post\" data-elementor-id=\"4200\" class=\"elementor elementor-4200\" data-elementor-post-type=\"post\">\n\t\t\t\t\t\t<section class=\"elementor-section elementor-top-section elementor-element elementor-element-12af024 elementor-section-boxed elementor-section-height-default elementor-section-height-default\" data-id=\"12af024\" data-element_type=\"section\" data-e-type=\"section\">\n\t\t\t\t\t\t<div class=\"elementor-container elementor-column-gap-default\">\n\t\t\t\t\t<div class=\"elementor-column elementor-col-100 elementor-top-column elementor-element elementor-element-d50dfb1\" data-id=\"d50dfb1\" data-element_type=\"column\" data-e-type=\"column\">\n\t\t\t<div class=\"elementor-widget-wrap elementor-element-populated\">\n\t\t\t\t\t\t<div class=\"elementor-element elementor-element-b18f101 elementor-widget elementor-widget-text-editor\" data-id=\"b18f101\" data-element_type=\"widget\" data-e-type=\"widget\" data-widget_type=\"text-editor.default\">\n\t\t\t\t<div class=\"elementor-widget-container\">\n\t\t\t\t\t\t\t\t\t<h1><span style=\"color: #003366;\">Rendez-vous au Salon Espace Collectivit\u00e9s les 12 et 13 septembre 2024 !<\/span><\/h1>\t\t\t\t\t\t\t\t<\/div>\n\t\t\t\t<\/div>\n\t\t\t\t\t<\/div>\n\t\t<\/div>\n\t\t\t\t\t<\/div>\n\t\t<\/section>\n\t\t\t\t<section class=\"elementor-section elementor-top-section elementor-element elementor-element-771c4e9 elementor-section-boxed elementor-section-height-default elementor-section-height-default\" data-id=\"771c4e9\" data-element_type=\"section\" data-e-type=\"section\">\n\t\t\t\t\t\t<div class=\"elementor-container elementor-column-gap-default\">\n\t\t\t\t\t<div class=\"elementor-column elementor-col-100 elementor-top-column elementor-element elementor-element-d011b57\" data-id=\"d011b57\" data-element_type=\"column\" data-e-type=\"column\">\n\t\t\t<div class=\"elementor-widget-wrap elementor-element-populated\">\n\t\t\t\t\t\t<div class=\"elementor-element elementor-element-24b3b02 elementor-widget elementor-widget-text-editor\" data-id=\"24b3b02\" data-element_type=\"widget\" data-e-type=\"widget\" data-widget_type=\"text-editor.default\">\n\t\t\t\t<div class=\"elementor-widget-container\">\n\t\t\t\t\t\t\t\t\t<p>Nous avons le plaisir de vous inviter \u00e0 rencontrer nos \u00e9quipes lors du salon Espace Collectivit\u00e9s, qui se tiendra les 12 et 13 septembre 2024 \u00e0 Br\u00e9tigny-sur-Orge. Cet \u00e9v\u00e9nement, qui f\u00eate cette ann\u00e9e sa 40\u00e8me \u00e9dition, promet d\u2019\u00eatre un rendez-vous incontournable pour les acteurs du secteur public et priv\u00e9.<\/p>\n<div>\n<h3>Nouvelle \u00e9dition, nouvelle vision<\/h3>\n<p>En 2024, Espace Collectivit\u00e9s se r\u00e9invente avec une \u00e9dition totalement repens\u00e9e, marqu\u00e9e par une dynamique nouvelle. Le salon s\u2019installe au c\u0153ur de Br\u00e9tigny-sur-Orge, une localisation strat\u00e9gique qui incarne parfaitement l&rsquo;esprit d&rsquo;innovation et de modernit\u00e9 que l&rsquo;\u00e9v\u00e9nement souhaite v\u00e9hiculer.<\/p>\n<h3>Domaines d&rsquo;expertise \u00e0 d\u00e9couvrir<\/h3>\n<p>Lors de votre visite, nous vous invitons \u00e0 venir \u00e9changer avec nos experts autour de nos cinq grands domaines d&rsquo;expertise :<\/p>\n<ul>\n<li><strong>Cycle de l\u2019Eau \ud83d\udca7<\/strong>: D\u00e9couvrez nos solutions cl\u00e9 en main pour&nbsp;<a href=\"https:\/\/infraneo.com\/archive\/expertise\/ingenierie-de-leau\/\" target=\"_blank\">garantir la p\u00e9rennit\u00e9 des ouvrages<\/a>&nbsp;d\u2019eau et d\u2019assainissements.<\/li>\n<li><strong>Ing\u00e9nierie des Sols \ud83d\udc77\ud83c\udffb\u200d\u2642\ufe0f<\/strong> : Plongez dans l\u2019univers de&nbsp;<a href=\"https:\/\/infraneo.com\/archive\/expertise\/ingenierie-des-sols\/\" target=\"_blank\">l\u2019ing\u00e9nierie des sols<\/a>, avec des approches innovantes pour la construction et la gestion des infrastructures.<\/li>\n<li><strong>Ing\u00e9nierie des Structures \ud83c\udf09<\/strong> : Explorez nos derni\u00e8res avanc\u00e9es en mati\u00e8re de&nbsp;<a href=\"https:\/\/infraneo.com\/archive\/expertise\/ingenierie-des-structures\/\" target=\"_blank\">conception et d\u2019optimisation des structures<\/a>.<\/li>\n<li><strong>Contr\u00f4les et Essais \ud83d\udd2c<\/strong> : Informez-vous sur nos m\u00e9thodes de&nbsp;<a href=\"https:\/\/infraneo.com\/archive\/expertise\/controles-et-essais\/\" target=\"_blank\">contr\u00f4les et essais<\/a>, essentielles pour garantir la s\u00e9curit\u00e9 et la qualit\u00e9 des projets.<\/li>\n<li><strong>\u00c9nergie \u26a1<\/strong> : \u00c9changez sur les&nbsp;<a href=\"https:\/\/www.technipipe.com\/fr\/\" target=\"_blank\" rel=\"noopener\">solutions \u00e9nerg\u00e9tiques de demain<\/a>, alliant efficacit\u00e9 et respect de l\u2019environnement.<\/li>\n<\/ul>\n<h3><span style=\"color: inherit; font-size: 1.75rem; background-color: var(--bs-body-bg); display: inline !important;\">O\u00f9 nous Trouver ?<\/span><\/h3>\n<p>Retrouvez-nous sur le <strong>stand D35<\/strong>, accessible via <strong>Porte J<\/strong> \u00e0 Le Plessis-P\u00e2t\u00e9. Nos \u00e9quipes seront pr\u00e9sentes pour vous accueillir et r\u00e9pondre \u00e0 toutes vos questions.<\/p>\n<h3>Horaires d&rsquo;Ouverture<\/h3>\n<p>Le salon sera ouvert les <strong>12 et 13 septembre 2024<\/strong>, de <strong>9h00 \u00e0 22h00<\/strong>. Une opportunit\u00e9 unique de rencontrer nos experts tout au long de la journ\u00e9e et de la soir\u00e9e.<\/p>\n<p>Pour plus d&rsquo;informations sur le programme et les inscriptions, n\u2019h\u00e9sitez pas \u00e0 consulter le site officiel de l\u2019\u00e9v\u00e9nement <a href=\"https:\/\/www.espace-collectivites.com\/accueil.htm\" target=\"_new\" rel=\"noopener\">ici<\/a>.<\/p>\n<p>Nous avons h\u00e2te de vous rencontrer et de partager avec vous nos derni\u00e8res innovations ! Ne manquez pas ce rendez-vous incontournable pour d\u00e9couvrir les solutions de demain.<\/p>\n<\/div>\t\t\t\t\t\t\t\t<\/div>\n\t\t\t\t<\/div>\n\t\t\t\t\t<\/div>\n\t\t<\/div>\n\t\t\t\t\t<\/div>\n\t\t<\/section>\n\t\t\t\t<section class=\"elementor-section elementor-top-section elementor-element elementor-element-ce6e8f5 elementor-section-boxed elementor-section-height-default elementor-section-height-default\" data-id=\"ce6e8f5\" data-element_type=\"section\" data-e-type=\"section\">\n\t\t\t\t\t\t<div class=\"elementor-container elementor-column-gap-default\">\n\t\t\t\t\t<div class=\"elementor-column elementor-col-100 elementor-top-column elementor-element elementor-element-ae5c124\" data-id=\"ae5c124\" data-element_type=\"column\" data-e-type=\"column\">\n\t\t\t<div class=\"elementor-widget-wrap elementor-element-populated\">\n\t\t\t\t\t\t<div class=\"elementor-element elementor-element-6997c62 elementor-widget-divider--view-line elementor-widget elementor-widget-divider\" data-id=\"6997c62\" data-element_type=\"widget\" data-e-type=\"widget\" data-widget_type=\"divider.default\">\n\t\t\t\t<div class=\"elementor-widget-container\">\n\t\t\t\t\t\t\t<div class=\"elementor-divider\">\n\t\t\t<span class=\"elementor-divider-separator\">\n\t\t\t\t\t\t<\/span>\n\t\t<\/div>\n\t\t\t\t\t\t<\/div>\n\t\t\t\t<\/div>\n\t\t\t\t\t<\/div>\n\t\t<\/div>\n\t\t\t\t\t<\/div>\n\t\t<\/section>\n\t\t\t\t<section class=\"elementor-section elementor-top-section elementor-element elementor-element-aebe3dc elementor-section-boxed elementor-section-height-default elementor-section-height-default\" data-id=\"aebe3dc\" data-element_type=\"section\" data-e-type=\"section\">\n\t\t\t\t\t\t<div class=\"elementor-container elementor-column-gap-default\">\n\t\t\t\t\t<div class=\"elementor-column elementor-col-100 elementor-top-column elementor-element elementor-element-361de80\" data-id=\"361de80\" data-element_type=\"column\" data-e-type=\"column\">\n\t\t\t<div class=\"elementor-widget-wrap elementor-element-populated\">\n\t\t\t\t\t\t<div class=\"elementor-element elementor-element-598de5e elementor-button-success elementor-align-center elementor-widget elementor-widget-button\" data-id=\"598de5e\" data-element_type=\"widget\" data-e-type=\"widget\" data-widget_type=\"button.default\">\n\t\t\t\t<div class=\"elementor-widget-container\">\n\t\t\t\t\t\t\t\t\t<div class=\"elementor-button-wrapper\">\n\t\t\t\t\t<a class=\"elementor-button elementor-button-link elementor-size-sm\" href=\"https:\/\/www.espace-collectivites.com\/accueil\/programme\/le-programme-detaille.htm\" target=\"_blank\" rel=\"noopener\">\n\t\t\t\t\t\t<span class=\"elementor-button-content-wrapper\">\n\t\t\t\t\t\t\t\t\t<span class=\"elementor-button-text\">D\u00e9couvrir le programme de l'\u00e9v\u00e9nement<\/span>\n\t\t\t\t\t<\/span>\n\t\t\t\t\t<\/a>\n\t\t\t\t<\/div>\n\t\t\t\t\t\t\t\t<\/div>\n\t\t\t\t<\/div>\n\t\t\t\t<div class=\"elementor-element elementor-element-e97a1dc elementor-view-default elementor-widget elementor-widget-icon\" data-id=\"e97a1dc\" data-element_type=\"widget\" data-e-type=\"widget\" data-widget_type=\"icon.default\">\n\t\t\t\t<div class=\"elementor-widget-container\">\n\t\t\t\t\t\t\t<div class=\"elementor-icon-wrapper\">\n\t\t\t<div class=\"elementor-icon\">\n\t\t\t<i aria-hidden=\"true\" class=\"fab fa-linkedin\"><\/i>\t\t\t<\/div>\n\t\t<\/div>\n\t\t\t\t\t\t<\/div>\n\t\t\t\t<\/div>\n\t\t\t\t\t<\/div>\n\t\t<\/div>\n\t\t\t\t\t<\/div>\n\t\t<\/section>\n\t\t\t\t<section class=\"elementor-section elementor-top-section elementor-element elementor-element-10082c9 elementor-section-boxed elementor-section-height-default elementor-section-height-default\" data-id=\"10082c9\" data-element_type=\"section\" data-e-type=\"section\">\n\t\t\t\t\t\t<div class=\"elementor-container elementor-column-gap-default\">\n\t\t\t\t\t<div class=\"elementor-column elementor-col-100 elementor-top-column elementor-element elementor-element-41f6ffa\" data-id=\"41f6ffa\" data-element_type=\"column\" data-e-type=\"column\">\n\t\t\t<div class=\"elementor-widget-wrap\">\n\t\t\t\t\t\t\t<\/div>\n\t\t<\/div>\n\t\t\t\t\t<\/div>\n\t\t<\/section>\n\t\t\t\t<\/div>\n\t\t","protected":false},"excerpt":{"rendered":"<p>Nous avons le plaisir de vous inviter \u00e0 rencontrer nos \u00e9quipes lors du salon Espace Collectivit\u00e9s, qui se tiendra les 12 et 13 septembre 2024 \u00e0 Br\u00e9tigny-sur-Orge.<\/p>\n","protected":false},"author":5,"featured_media":4201,"comment_status":"closed","ping_status":"closed","sticky":false,"template":"","format":"standard","meta":{"_acf_changed":false,"_monsterinsights_skip_tracking":false,"_monsterinsights_sitenote_active":false,"_monsterinsights_sitenote_note":"","_monsterinsights_sitenote_category":0,"_uf_show_specific_survey":0,"_uf_disable_surveys":false,"footnotes":""},"categories":[6],"tags":[],"class_list":["post-4200","post","type-post","status-publish","format-standard","has-post-thumbnail","hentry","category-news"],"acf":[],"_links":{"self":[{"href":"https:\/\/infraneo.com\/archive\/wp-json\/wp\/v2\/posts\/4200","targetHints":{"allow":["GET"]}}],"collection":[{"href":"https:\/\/infraneo.com\/archive\/wp-json\/wp\/v2\/posts"}],"about":[{"href":"https:\/\/infraneo.com\/archive\/wp-json\/wp\/v2\/types\/post"}],"author":[{"embeddable":true,"href":"https:\/\/infraneo.com\/archive\/wp-json\/wp\/v2\/users\/5"}],"replies":[{"embeddable":true,"href":"https:\/\/infraneo.com\/archive\/wp-json\/wp\/v2\/comments?post=4200"}],"version-history":[{"count":8,"href":"https:\/\/infraneo.com\/archive\/wp-json\/wp\/v2\/posts\/4200\/revisions"}],"predecessor-version":[{"id":4211,"href":"https:\/\/infraneo.com\/archive\/wp-json\/wp\/v2\/posts\/4200\/revisions\/4211"}],"wp:featuredmedia":[{"embeddable":true,"href":"https:\/\/infraneo.com\/archive\/wp-json\/wp\/v2\/media\/4201"}],"wp:attachment":[{"href":"https:\/\/infraneo.com\/archive\/wp-json\/wp\/v2\/media?parent=4200"}],"wp:term":[{"taxonomy":"category","embeddable":true,"href":"https:\/\/infraneo.com\/archive\/wp-json\/wp\/v2\/categories?post=4200"},{"taxonomy":"post_tag","embeddable":true,"href":"https:\/\/infraneo.com\/archive\/wp-json\/wp\/v2\/tags?post=4200"}],"curies":[{"name":"wp","href":"https:\/\/api.w.org\/{rel}","templated":true}]}}