{"id":4410,"date":"2024-12-19T13:35:03","date_gmt":"2024-12-19T13:35:03","guid":{"rendered":"https:\/\/infraneo.com\/archive\/?p=4410"},"modified":"2024-12-19T13:35:03","modified_gmt":"2024-12-19T13:35:03","slug":"infraneo-group","status":"publish","type":"post","link":"https:\/\/infraneo.com\/archive\/infraneo-group\/","title":{"rendered":"Infraneo group poursuit son ascension en Europe avec deux acquisitions majeures et un nouveau Pr\u00e9sident \u00e0 sa t\u00eate"},"content":{"rendered":"\t\t<div data-elementor-type=\"wp-post\" data-elementor-id=\"4410\" class=\"elementor elementor-4410\" data-elementor-post-type=\"post\">\n\t\t\t\t\t\t<section class=\"elementor-section elementor-top-section elementor-element elementor-element-12af024 elementor-section-boxed elementor-section-height-default elementor-section-height-default\" data-id=\"12af024\" data-element_type=\"section\" data-e-type=\"section\">\n\t\t\t\t\t\t<div class=\"elementor-container elementor-column-gap-default\">\n\t\t\t\t\t<div class=\"elementor-column elementor-col-100 elementor-top-column elementor-element elementor-element-d50dfb1\" data-id=\"d50dfb1\" data-element_type=\"column\" data-e-type=\"column\">\n\t\t\t<div class=\"elementor-widget-wrap elementor-element-populated\">\n\t\t\t\t\t\t<div class=\"elementor-element elementor-element-b18f101 elementor-widget__width-initial elementor-widget elementor-widget-text-editor\" data-id=\"b18f101\" data-element_type=\"widget\" data-e-type=\"widget\" data-widget_type=\"text-editor.default\">\n\t\t\t\t<div class=\"elementor-widget-container\">\n\t\t\t\t\t\t\t\t\t<h1><b>Infraneo group poursuit son ascension en Europe avec deux acquisitions majeures et un nouveau Pr\u00e9sident \u00e0 sa t\u00eate<\/b><\/h1><div>\u00a0<\/div>\t\t\t\t\t\t\t\t<\/div>\n\t\t\t\t<\/div>\n\t\t\t\t\t<\/div>\n\t\t<\/div>\n\t\t\t\t\t<\/div>\n\t\t<\/section>\n\t\t\t\t<section class=\"elementor-section elementor-top-section elementor-element elementor-element-e86fef1 elementor-section-boxed elementor-section-height-default elementor-section-height-default\" data-id=\"e86fef1\" data-element_type=\"section\" data-e-type=\"section\">\n\t\t\t\t\t\t<div class=\"elementor-container elementor-column-gap-default\">\n\t\t\t\t\t<div class=\"elementor-column elementor-col-100 elementor-top-column elementor-element elementor-element-1d40c6d\" data-id=\"1d40c6d\" data-element_type=\"column\" data-e-type=\"column\">\n\t\t\t<div class=\"elementor-widget-wrap elementor-element-populated\">\n\t\t\t\t\t\t<div class=\"elementor-element elementor-element-315e0ab text elementor-widget elementor-widget-text-editor\" data-id=\"315e0ab\" data-element_type=\"widget\" data-e-type=\"widget\" data-widget_type=\"text-editor.default\">\n\t\t\t\t<div class=\"elementor-widget-container\">\n\t\t\t\t\t\t\t\t\t<p>Infraneo group franchit une \u00e9tape cl\u00e9 de son d\u00e9veloppement avec l\u2019acquisition de\u00a0<a href=\"https:\/\/www.nebest.nl\/\" target=\"_blank\" rel=\"noopener\"><b>Nebest<\/b>\u00a0<\/a>aux Pays-Bas et de\u00a0<a href=\"https:\/\/www.vic-gmbh.de\/vic-potsdam\/\" target=\"_blank\" rel=\"noopener\"><b>VIC gmbh<\/b><\/a>\u00a0en Allemagne. Ces op\u00e9rations strat\u00e9giques viennent renforcer notre pr\u00e9sence internationale, d\u00e9sormais au c\u0153ur de 40% de nos activit\u00e9s, et consolident notre ambition de devenir un acteur de r\u00e9f\u00e9rence de l\u2019ing\u00e9nierie en Europe.<\/p>\t\t\t\t\t\t\t\t<\/div>\n\t\t\t\t<\/div>\n\t\t\t\t\t<\/div>\n\t\t<\/div>\n\t\t\t\t\t<\/div>\n\t\t<\/section>\n\t\t\t\t<section class=\"elementor-section elementor-top-section elementor-element elementor-element-0587335 elementor-section-boxed elementor-section-height-default elementor-section-height-default\" data-id=\"0587335\" data-element_type=\"section\" data-e-type=\"section\">\n\t\t\t\t\t\t<div class=\"elementor-container elementor-column-gap-default\">\n\t\t\t\t\t<div class=\"elementor-column elementor-col-100 elementor-top-column elementor-element elementor-element-7c4afd4\" data-id=\"7c4afd4\" data-element_type=\"column\" data-e-type=\"column\">\n\t\t\t<div class=\"elementor-widget-wrap elementor-element-populated\">\n\t\t\t\t\t\t<div class=\"elementor-element elementor-element-a86db47 elementor-widget-divider--view-line elementor-widget elementor-widget-divider\" data-id=\"a86db47\" data-element_type=\"widget\" data-e-type=\"widget\" data-widget_type=\"divider.default\">\n\t\t\t\t<div class=\"elementor-widget-container\">\n\t\t\t\t\t\t\t<div class=\"elementor-divider\">\n\t\t\t<span class=\"elementor-divider-separator\">\n\t\t\t\t\t\t<\/span>\n\t\t<\/div>\n\t\t\t\t\t\t<\/div>\n\t\t\t\t<\/div>\n\t\t\t\t\t<\/div>\n\t\t<\/div>\n\t\t\t\t\t<\/div>\n\t\t<\/section>\n\t\t\t\t<section class=\"elementor-section elementor-top-section elementor-element elementor-element-4634b7a elementor-section-boxed elementor-section-height-default elementor-section-height-default\" data-id=\"4634b7a\" data-element_type=\"section\" data-e-type=\"section\">\n\t\t\t\t\t\t<div class=\"elementor-container elementor-column-gap-default\">\n\t\t\t\t\t<div class=\"elementor-column elementor-col-50 elementor-top-column elementor-element elementor-element-1b87fce\" data-id=\"1b87fce\" data-element_type=\"column\" data-e-type=\"column\">\n\t\t\t<div class=\"elementor-widget-wrap elementor-element-populated\">\n\t\t\t\t\t\t<div class=\"elementor-element elementor-element-5fbeb4e elementor-widget elementor-widget-text-editor\" data-id=\"5fbeb4e\" data-element_type=\"widget\" data-e-type=\"widget\" data-widget_type=\"text-editor.default\">\n\t\t\t\t<div class=\"elementor-widget-container\">\n\t\t\t\t\t\t\t\t\t<p>Pour accompagner cette dynamique, nous sommes ravis d\u2019annoncer la nomination d\u2019Andrea BEGO GHINA\u00a0au poste de Pr\u00e9sident.<\/p><p>Ing\u00e9nieur des Ponts et dipl\u00f4m\u00e9 de l\u2019Ecole Polytechnique de Turin, Andrea BEGO GHINA a travaill\u00e9 de nombreuses ann\u00e9es pour le groupe L\u00e9on Grosse, son dernier poste \u00e9tant directeur ex\u00e9cutif des activit\u00e9s ouvrages publics, TP et nucl\u00e9aire. Il \u00e9tait depuis 2021 vice-Pr\u00e9sident du groupe Valgo, sp\u00e9cialiste de la d\u00e9pollution et de la valorisation des sites industriels.<\/p><div>Andrea mettra son expertise et son \u00e9nergie au service de notre mission :<\/div><div>\u2714\ufe0f\u00a0F\u00e9d\u00e9rer les talents et savoir-faire uniques des \u00e9quipes Infraneo.<\/div><div>\u2714\ufe0f\u00a0Acc\u00e9l\u00e9rer notre croissance en France et en Europe.<\/div><div>\u2714\ufe0f\u00a0R\u00e9pondre aux enjeux majeurs de nos clients publics et priv\u00e9s.<\/div><div>\u00a0<\/div><div>\u00ab\u00a0<em>Je suis heureux de rejoindre le groupe Infraneo et ses \u00e9quipes fortes d\u2019une expertise unique. Je mettrai toute mon \u00e9nergie au service du groupe et de ses clients. Je salue le travail accompli par Bruce XISTE ces derni\u00e8res ann\u00e9es, et je souhaite poursuivre et acc\u00e9l\u00e9rer le d\u00e9veloppement d\u2019Infraneo en France et en Europe<\/em>\u00a0\u00bb,\u00a0indique Andrea BEGO GHINA<\/div>\t\t\t\t\t\t\t\t<\/div>\n\t\t\t\t<\/div>\n\t\t\t\t\t<\/div>\n\t\t<\/div>\n\t\t\t\t<div class=\"elementor-column elementor-col-50 elementor-top-column elementor-element elementor-element-c42a76d\" data-id=\"c42a76d\" data-element_type=\"column\" data-e-type=\"column\">\n\t\t\t<div class=\"elementor-widget-wrap elementor-element-populated\">\n\t\t\t\t\t\t<div class=\"elementor-element elementor-element-e335a3b elementor-widget elementor-widget-image\" data-id=\"e335a3b\" data-element_type=\"widget\" data-e-type=\"widget\" data-widget_type=\"image.default\">\n\t\t\t\t<div class=\"elementor-widget-container\">\n\t\t\t\t\t\t\t\t\t\t\t\t\t\t\t<img fetchpriority=\"high\" decoding=\"async\" width=\"432\" height=\"549\" src=\"https:\/\/infraneo.com\/archive\/wp-content\/uploads\/2024\/12\/12431Bego_Ghina_Andrea.jpg\" class=\"attachment-large size-large wp-image-4411\" alt=\"Andrea BEGO GHINA Pr\u00e9sident infraneo group\" srcset=\"https:\/\/infraneo.com\/archive\/wp-content\/uploads\/2024\/12\/12431Bego_Ghina_Andrea.jpg 432w, https:\/\/infraneo.com\/archive\/wp-content\/uploads\/2024\/12\/12431Bego_Ghina_Andrea-236x300.jpg 236w, https:\/\/infraneo.com\/archive\/wp-content\/uploads\/2024\/12\/12431Bego_Ghina_Andrea-9x12.jpg 9w\" sizes=\"(max-width: 432px) 100vw, 432px\" \/>\t\t\t\t\t\t\t\t\t\t\t\t\t\t\t<\/div>\n\t\t\t\t<\/div>\n\t\t\t\t\t<\/div>\n\t\t<\/div>\n\t\t\t\t\t<\/div>\n\t\t<\/section>\n\t\t\t\t<section class=\"elementor-section elementor-top-section elementor-element elementor-element-61c1dd8 elementor-section-boxed elementor-section-height-default elementor-section-height-default\" data-id=\"61c1dd8\" data-element_type=\"section\" data-e-type=\"section\">\n\t\t\t\t\t\t<div class=\"elementor-container elementor-column-gap-default\">\n\t\t\t\t\t<div class=\"elementor-column elementor-col-100 elementor-top-column elementor-element elementor-element-2e44f4a\" data-id=\"2e44f4a\" data-element_type=\"column\" data-e-type=\"column\">\n\t\t\t<div class=\"elementor-widget-wrap elementor-element-populated\">\n\t\t\t\t\t\t<div class=\"elementor-element elementor-element-b65f02f elementor-widget-divider--view-line elementor-widget elementor-widget-divider\" data-id=\"b65f02f\" data-element_type=\"widget\" data-e-type=\"widget\" data-widget_type=\"divider.default\">\n\t\t\t\t<div class=\"elementor-widget-container\">\n\t\t\t\t\t\t\t<div class=\"elementor-divider\">\n\t\t\t<span class=\"elementor-divider-separator\">\n\t\t\t\t\t\t<\/span>\n\t\t<\/div>\n\t\t\t\t\t\t<\/div>\n\t\t\t\t<\/div>\n\t\t\t\t\t<\/div>\n\t\t<\/div>\n\t\t\t\t\t<\/div>\n\t\t<\/section>\n\t\t\t\t<section class=\"elementor-section elementor-top-section elementor-element elementor-element-9f1457c elementor-section-boxed elementor-section-height-default elementor-section-height-default\" data-id=\"9f1457c\" data-element_type=\"section\" data-e-type=\"section\">\n\t\t\t\t\t\t<div class=\"elementor-container elementor-column-gap-default\">\n\t\t\t\t\t<div class=\"elementor-column elementor-col-100 elementor-top-column elementor-element elementor-element-2f8d373\" data-id=\"2f8d373\" data-element_type=\"column\" data-e-type=\"column\">\n\t\t\t<div class=\"elementor-widget-wrap elementor-element-populated\">\n\t\t\t\t\t\t<div class=\"elementor-element elementor-element-c088f0d elementor-widget elementor-widget-text-editor\" data-id=\"c088f0d\" data-element_type=\"widget\" data-e-type=\"widget\" data-widget_type=\"text-editor.default\">\n\t\t\t\t<div class=\"elementor-widget-container\">\n\t\t\t\t\t\t\t\t\t<div style=\"text-align: center;\">Avec cette nouvelle direction et ces acquisitions strat\u00e9giques, Infraneo confirme son r\u00f4le de\u00a0<a href=\"\/groupe-infraneo\/\">leader europ\u00e9en de l\u2019ing\u00e9nierie et de la gestion des infrastructures<\/a>.<\/div>\t\t\t\t\t\t\t\t<\/div>\n\t\t\t\t<\/div>\n\t\t\t\t\t<\/div>\n\t\t<\/div>\n\t\t\t\t\t<\/div>\n\t\t<\/section>\n\t\t\t\t<section class=\"elementor-section elementor-top-section elementor-element elementor-element-3ad835e elementor-section-boxed elementor-section-height-default elementor-section-height-default\" data-id=\"3ad835e\" data-element_type=\"section\" data-e-type=\"section\">\n\t\t\t\t\t\t<div class=\"elementor-container elementor-column-gap-default\">\n\t\t\t\t\t<div class=\"elementor-column elementor-col-100 elementor-top-column elementor-element elementor-element-c02fed7\" data-id=\"c02fed7\" data-element_type=\"column\" data-e-type=\"column\">\n\t\t\t<div class=\"elementor-widget-wrap elementor-element-populated\">\n\t\t\t\t\t\t<div class=\"elementor-element elementor-element-1e9271b elementor-widget-divider--view-line elementor-widget elementor-widget-divider\" data-id=\"1e9271b\" data-element_type=\"widget\" data-e-type=\"widget\" data-widget_type=\"divider.default\">\n\t\t\t\t<div class=\"elementor-widget-container\">\n\t\t\t\t\t\t\t<div class=\"elementor-divider\">\n\t\t\t<span class=\"elementor-divider-separator\">\n\t\t\t\t\t\t<\/span>\n\t\t<\/div>\n\t\t\t\t\t\t<\/div>\n\t\t\t\t<\/div>\n\t\t\t\t\t<\/div>\n\t\t<\/div>\n\t\t\t\t\t<\/div>\n\t\t<\/section>\n\t\t\t\t<section class=\"elementor-section elementor-top-section elementor-element elementor-element-3d4d0a0 elementor-section-boxed elementor-section-height-default elementor-section-height-default\" data-id=\"3d4d0a0\" data-element_type=\"section\" data-e-type=\"section\">\n\t\t\t\t\t\t<div class=\"elementor-container elementor-column-gap-default\">\n\t\t\t\t\t<div class=\"elementor-column elementor-col-50 elementor-top-column elementor-element elementor-element-e39341f\" data-id=\"e39341f\" data-element_type=\"column\" data-e-type=\"column\">\n\t\t\t<div class=\"elementor-widget-wrap elementor-element-populated\">\n\t\t\t\t\t\t<div class=\"elementor-element elementor-element-61e5a04 elementor-widget elementor-widget-text-editor\" data-id=\"61e5a04\" data-element_type=\"widget\" data-e-type=\"widget\" data-widget_type=\"text-editor.default\">\n\t\t\t\t<div class=\"elementor-widget-container\">\n\t\t\t\t\t\t\t\t\t<h2><span style=\"color: #ff9900;\">Nebest rejoint Infraneo Group<\/span><\/h2><p>Fort de\u00a0260 collaborateurs, Nebest, dont le si\u00e8ge est bas\u00e9 \u00e0 Viannen au Pays-Bas, propose un\u00a0large \u00e9ventail de services d\u2019inspection, d\u2019ing\u00e9nierie, de laboratoire et de conseil\u00a0pour les secteurs infrastructures, r\u00e9seaux d\u2019eau, construction et industrie.<\/p><p>Nous nous r\u00e9jouissons de pouvoir compter sur l\u2019exp\u00e9rience et l\u2019expertise de son CEO, Jeroen de Goeij et de son \u00e9quipe pour faire de Nebest notre\u00a0plateforme de d\u00e9veloppement dans la R\u00e9gion, et ainsi acc\u00e9l\u00e9rer notre croissance.<\/p>\t\t\t\t\t\t\t\t<\/div>\n\t\t\t\t<\/div>\n\t\t\t\t\t<\/div>\n\t\t<\/div>\n\t\t\t\t<div class=\"elementor-column elementor-col-50 elementor-top-column elementor-element elementor-element-51e370c\" data-id=\"51e370c\" data-element_type=\"column\" data-e-type=\"column\">\n\t\t\t<div class=\"elementor-widget-wrap elementor-element-populated\">\n\t\t\t\t\t\t<div class=\"elementor-element elementor-element-a375e1a elementor-widget elementor-widget-image\" data-id=\"a375e1a\" data-element_type=\"widget\" data-e-type=\"widget\" data-widget_type=\"image.default\">\n\t\t\t\t<div class=\"elementor-widget-container\">\n\t\t\t\t\t\t\t\t\t\t\t\t\t\t\t<img decoding=\"async\" width=\"1024\" height=\"682\" src=\"https:\/\/infraneo.com\/archive\/wp-content\/uploads\/2024\/12\/2016_11_28_Nebest_0228-1024x682.jpg\" class=\"attachment-large size-large wp-image-4412\" alt=\"nebest infraneo\" srcset=\"https:\/\/infraneo.com\/archive\/wp-content\/uploads\/2024\/12\/2016_11_28_Nebest_0228-1024x682.jpg 1024w, https:\/\/infraneo.com\/archive\/wp-content\/uploads\/2024\/12\/2016_11_28_Nebest_0228-300x200.jpg 300w, https:\/\/infraneo.com\/archive\/wp-content\/uploads\/2024\/12\/2016_11_28_Nebest_0228-768x512.jpg 768w, https:\/\/infraneo.com\/archive\/wp-content\/uploads\/2024\/12\/2016_11_28_Nebest_0228-18x12.jpg 18w, https:\/\/infraneo.com\/archive\/wp-content\/uploads\/2024\/12\/2016_11_28_Nebest_0228.jpg 1400w\" sizes=\"(max-width: 1024px) 100vw, 1024px\" \/>\t\t\t\t\t\t\t\t\t\t\t\t\t\t\t<\/div>\n\t\t\t\t<\/div>\n\t\t\t\t\t<\/div>\n\t\t<\/div>\n\t\t\t\t\t<\/div>\n\t\t<\/section>\n\t\t\t\t<section class=\"elementor-section elementor-top-section elementor-element elementor-element-e504ca6 elementor-section-boxed elementor-section-height-default elementor-section-height-default\" data-id=\"e504ca6\" data-element_type=\"section\" data-e-type=\"section\">\n\t\t\t\t\t\t<div class=\"elementor-container elementor-column-gap-default\">\n\t\t\t\t\t<div class=\"elementor-column elementor-col-50 elementor-top-column elementor-element elementor-element-a15f6cd\" data-id=\"a15f6cd\" data-element_type=\"column\" data-e-type=\"column\">\n\t\t\t<div class=\"elementor-widget-wrap elementor-element-populated\">\n\t\t\t\t\t\t<div class=\"elementor-element elementor-element-5c39ea8 elementor-widget elementor-widget-image\" data-id=\"5c39ea8\" data-element_type=\"widget\" data-e-type=\"widget\" data-widget_type=\"image.default\">\n\t\t\t\t<div class=\"elementor-widget-container\">\n\t\t\t\t\t\t\t\t\t\t\t\t\t\t\t<img decoding=\"async\" width=\"1000\" height=\"750\" src=\"https:\/\/infraneo.com\/archive\/wp-content\/uploads\/2024\/12\/Tunnel_03.jpg\" class=\"attachment-large size-large wp-image-4413\" alt=\"VIC Group\" srcset=\"https:\/\/infraneo.com\/archive\/wp-content\/uploads\/2024\/12\/Tunnel_03.jpg 1000w, https:\/\/infraneo.com\/archive\/wp-content\/uploads\/2024\/12\/Tunnel_03-300x225.jpg 300w, https:\/\/infraneo.com\/archive\/wp-content\/uploads\/2024\/12\/Tunnel_03-768x576.jpg 768w, https:\/\/infraneo.com\/archive\/wp-content\/uploads\/2024\/12\/Tunnel_03-16x12.jpg 16w\" sizes=\"(max-width: 1000px) 100vw, 1000px\" \/>\t\t\t\t\t\t\t\t\t\t\t\t\t\t\t<\/div>\n\t\t\t\t<\/div>\n\t\t\t\t\t<\/div>\n\t\t<\/div>\n\t\t\t\t<div class=\"elementor-column elementor-col-50 elementor-top-column elementor-element elementor-element-88dc6d7\" data-id=\"88dc6d7\" data-element_type=\"column\" data-e-type=\"column\">\n\t\t\t<div class=\"elementor-widget-wrap elementor-element-populated\">\n\t\t\t\t\t\t<div class=\"elementor-element elementor-element-95be09a elementor-widget elementor-widget-text-editor\" data-id=\"95be09a\" data-element_type=\"widget\" data-e-type=\"widget\" data-widget_type=\"text-editor.default\">\n\t\t\t\t<div class=\"elementor-widget-container\">\n\t\t\t\t\t\t\t\t\t<h2><span style=\"background-color: var(--bs-body-bg); display: inline !important;\"><span style=\"color: #ff9900;\">Vic Gmbh rejoint Infraneo group<\/span><\/span><\/h2><p>Sp\u00e9cialiste des solutions complexes pour la pr\u00e9servation et le d\u00e9veloppement d\u2019infrastructures telles que les ponts et routes, VIC Group fournit depuis plus de 70 ans des services dans les domaines de la planification, de la v\u00e9rification, de l\u2019ing\u00e9nierie et des essais. VIC Group et ses filiales regroupent\u00a0plus de \ud835\udfcf\ud835\udfd7\ud835\udfce \ud835\udc1c\ud835\udc28\ud835\udc25\ud835\udc25\ud835\udc1a\ud835\udc1b\ud835\udc28\ud835\udc2b\ud835\udc1a\ud835\udc2d\ud835\udc1e\ud835\udc2e\ud835\udc2b\ud835\udc2c\u00a0r\u00e9partis sur\u00a0\ud835\udfcf\ud835\udfcf \ud835\udc2c\ud835\udc22\ud835\udc2d\ud835\udc1e\ud835\udc2c.<\/p><p>Nous sommes ravis d\u2019accueillir les membres de l&rsquo;\u00e9quipe dirigeante Shirley Wagner, J\u00f6rg Titel, Robert Mirau et Stefan Pichottka dont les expertises et qualit\u00e9s manag\u00e9riales renforceront notre pr\u00e9sence et nos ambitions en Allemagne.<\/p>\t\t\t\t\t\t\t\t<\/div>\n\t\t\t\t<\/div>\n\t\t\t\t\t<\/div>\n\t\t<\/div>\n\t\t\t\t\t<\/div>\n\t\t<\/section>\n\t\t\t\t<section class=\"elementor-section elementor-top-section elementor-element elementor-element-096b405 elementor-section-boxed elementor-section-height-default elementor-section-height-default\" data-id=\"096b405\" data-element_type=\"section\" data-e-type=\"section\">\n\t\t\t\t\t\t<div class=\"elementor-container elementor-column-gap-default\">\n\t\t\t\t\t<div class=\"elementor-column elementor-col-50 elementor-top-column elementor-element elementor-element-7f6d105\" data-id=\"7f6d105\" data-element_type=\"column\" data-e-type=\"column\">\n\t\t\t<div class=\"elementor-widget-wrap elementor-element-populated\">\n\t\t\t\t\t\t<div class=\"elementor-element elementor-element-5189f2a elementor-widget elementor-widget-text-editor\" data-id=\"5189f2a\" data-element_type=\"widget\" data-e-type=\"widget\" data-widget_type=\"text-editor.default\">\n\t\t\t\t<div class=\"elementor-widget-container\">\n\t\t\t\t\t\t\t\t\t<p>Avec cette acquisition, INFRANEO \u00e9largit sa pr\u00e9sence outre-rhin\u00a0et poursuit ainsi le d\u00e9veloppement initi\u00e9 avec\u00a0Martin GmbH\u00a0en avril 2021. <br \/>Aujourd\u2019hui, Infraneo regroupe plus de \ud835\udfd0\ud835\udfd1\ud835\udfce \ud835\udc2d\ud835\udc1a\ud835\udc25\ud835\udc1e\ud835\udc27\ud835\udc2d\ud835\udc2c \ud835\udc1e\ud835\udc27 \ud835\udc00\ud835\udc25\ud835\udc25\ud835\udc1e\ud835\udc26\ud835\udc1a\ud835\udc20\ud835\udc27\ud835\udc1e, au service de projets d\u2019envergure dans deux de ses secteurs-cl\u00e9\u00a0: \ud835\udc08\ud835\udc27\ud835\udc1f\ud835\udc2b\ud835\udc1a\ud835\udc2c\ud835\udc2d\ud835\udc2b\ud835\udc2e\ud835\udc1c\ud835\udc2d\ud835\udc2e\ud835\udc2b\ud835\udc1e \ud835\udc1e\ud835\udc2d \ud835\udc04\ud835\udc27\ud835\udc1e\ud835\udc2b\ud835\udc20\ud835\udc22\ud835\udc1e.<\/p>\t\t\t\t\t\t\t\t<\/div>\n\t\t\t\t<\/div>\n\t\t\t\t\t<\/div>\n\t\t<\/div>\n\t\t\t\t<div class=\"elementor-column elementor-col-50 elementor-top-column elementor-element elementor-element-d5d920f\" data-id=\"d5d920f\" data-element_type=\"column\" data-e-type=\"column\">\n\t\t\t<div class=\"elementor-widget-wrap elementor-element-populated\">\n\t\t\t\t\t\t<div class=\"elementor-element elementor-element-d46e2d4 elementor-widget elementor-widget-image\" data-id=\"d46e2d4\" data-element_type=\"widget\" data-e-type=\"widget\" data-widget_type=\"image.default\">\n\t\t\t\t<div class=\"elementor-widget-container\">\n\t\t\t\t\t\t\t\t\t\t\t\t\t\t\t<img loading=\"lazy\" decoding=\"async\" width=\"1000\" height=\"750\" src=\"https:\/\/infraneo.com\/archive\/wp-content\/uploads\/2024\/12\/IMG_3916_x.jpg\" class=\"attachment-large size-large wp-image-4420\" alt=\"Vic Gmbh rejoint Infraneo group\" srcset=\"https:\/\/infraneo.com\/archive\/wp-content\/uploads\/2024\/12\/IMG_3916_x.jpg 1000w, https:\/\/infraneo.com\/archive\/wp-content\/uploads\/2024\/12\/IMG_3916_x-300x225.jpg 300w, https:\/\/infraneo.com\/archive\/wp-content\/uploads\/2024\/12\/IMG_3916_x-768x576.jpg 768w, https:\/\/infraneo.com\/archive\/wp-content\/uploads\/2024\/12\/IMG_3916_x-16x12.jpg 16w\" sizes=\"(max-width: 1000px) 100vw, 1000px\" \/>\t\t\t\t\t\t\t\t\t\t\t\t\t\t\t<\/div>\n\t\t\t\t<\/div>\n\t\t\t\t\t<\/div>\n\t\t<\/div>\n\t\t\t\t\t<\/div>\n\t\t<\/section>\n\t\t\t\t<section class=\"elementor-section elementor-top-section elementor-element elementor-element-aebe3dc elementor-section-boxed elementor-section-height-default elementor-section-height-default\" data-id=\"aebe3dc\" data-element_type=\"section\" data-e-type=\"section\">\n\t\t\t\t\t\t<div class=\"elementor-container elementor-column-gap-default\">\n\t\t\t\t\t<div class=\"elementor-column elementor-col-100 elementor-top-column elementor-element elementor-element-361de80\" data-id=\"361de80\" data-element_type=\"column\" data-e-type=\"column\">\n\t\t\t<div class=\"elementor-widget-wrap elementor-element-populated\">\n\t\t\t\t\t\t<div class=\"elementor-element elementor-element-598de5e elementor-button-success elementor-align-center elementor-widget elementor-widget-button\" data-id=\"598de5e\" data-element_type=\"widget\" data-e-type=\"widget\" data-widget_type=\"button.default\">\n\t\t\t\t<div class=\"elementor-widget-container\">\n\t\t\t\t\t\t\t\t\t<div class=\"elementor-button-wrapper\">\n\t\t\t\t\t<a class=\"elementor-button elementor-button-link elementor-size-sm\" href=\"https:\/\/www.linkedin.com\/company\/infraneo1\/\" target=\"_blank\" rel=\"noopener\">\n\t\t\t\t\t\t<span class=\"elementor-button-content-wrapper\">\n\t\t\t\t\t\t\t\t\t<span class=\"elementor-button-text\">Suivez nous sur LinkedIn pour tout savoir sur notre actualit\u00e9<\/span>\n\t\t\t\t\t<\/span>\n\t\t\t\t\t<\/a>\n\t\t\t\t<\/div>\n\t\t\t\t\t\t\t\t<\/div>\n\t\t\t\t<\/div>\n\t\t\t\t<div class=\"elementor-element elementor-element-e97a1dc elementor-view-default elementor-widget elementor-widget-icon\" data-id=\"e97a1dc\" data-element_type=\"widget\" data-e-type=\"widget\" data-widget_type=\"icon.default\">\n\t\t\t\t<div class=\"elementor-widget-container\">\n\t\t\t\t\t\t\t<div class=\"elementor-icon-wrapper\">\n\t\t\t<div class=\"elementor-icon\">\n\t\t\t<i aria-hidden=\"true\" class=\"fab fa-linkedin\"><\/i>\t\t\t<\/div>\n\t\t<\/div>\n\t\t\t\t\t\t<\/div>\n\t\t\t\t<\/div>\n\t\t\t\t\t<\/div>\n\t\t<\/div>\n\t\t\t\t\t<\/div>\n\t\t<\/section>\n\t\t\t\t<\/div>\n\t\t","protected":false},"excerpt":{"rendered":"<p>Infraneo group poursuit son ascension en Europe avec deux acquisitions majeures et un nouveau Pr\u00e9sident \u00e0 sa t\u00eate<\/p>\n","protected":false},"author":5,"featured_media":4426,"comment_status":"closed","ping_status":"closed","sticky":false,"template":"","format":"standard","meta":{"_acf_changed":false,"_monsterinsights_skip_tracking":false,"_monsterinsights_sitenote_active":false,"_monsterinsights_sitenote_note":"","_monsterinsights_sitenote_category":0,"_uf_show_specific_survey":0,"_uf_disable_surveys":false,"footnotes":""},"categories":[6],"tags":[],"class_list":["post-4410","post","type-post","status-publish","format-standard","has-post-thumbnail","hentry","category-news"],"acf":[],"_links":{"self":[{"href":"https:\/\/infraneo.com\/archive\/wp-json\/wp\/v2\/posts\/4410","targetHints":{"allow":["GET"]}}],"collection":[{"href":"https:\/\/infraneo.com\/archive\/wp-json\/wp\/v2\/posts"}],"about":[{"href":"https:\/\/infraneo.com\/archive\/wp-json\/wp\/v2\/types\/post"}],"author":[{"embeddable":true,"href":"https:\/\/infraneo.com\/archive\/wp-json\/wp\/v2\/users\/5"}],"replies":[{"embeddable":true,"href":"https:\/\/infraneo.com\/archive\/wp-json\/wp\/v2\/comments?post=4410"}],"version-history":[{"count":16,"href":"https:\/\/infraneo.com\/archive\/wp-json\/wp\/v2\/posts\/4410\/revisions"}],"predecessor-version":[{"id":4434,"href":"https:\/\/infraneo.com\/archive\/wp-json\/wp\/v2\/posts\/4410\/revisions\/4434"}],"wp:featuredmedia":[{"embeddable":true,"href":"https:\/\/infraneo.com\/archive\/wp-json\/wp\/v2\/media\/4426"}],"wp:attachment":[{"href":"https:\/\/infraneo.com\/archive\/wp-json\/wp\/v2\/media?parent=4410"}],"wp:term":[{"taxonomy":"category","embeddable":true,"href":"https:\/\/infraneo.com\/archive\/wp-json\/wp\/v2\/categories?post=4410"},{"taxonomy":"post_tag","embeddable":true,"href":"https:\/\/infraneo.com\/archive\/wp-json\/wp\/v2\/tags?post=4410"}],"curies":[{"name":"wp","href":"https:\/\/api.w.org\/{rel}","templated":true}]}}