{"id":4753,"date":"2025-06-30T15:26:13","date_gmt":"2025-06-30T15:26:13","guid":{"rendered":"https:\/\/infraneo.com\/archive\/?p=4753"},"modified":"2025-06-30T15:26:54","modified_gmt":"2025-06-30T15:26:54","slug":"acquisition-de-cia","status":"publish","type":"post","link":"https:\/\/infraneo.com\/archive\/acquisition-de-cia\/","title":{"rendered":"INFRANEO annonce l\u2019acquisition de CIA"},"content":{"rendered":"\t\t<div data-elementor-type=\"wp-post\" data-elementor-id=\"4753\" class=\"elementor elementor-4753\" data-elementor-post-type=\"post\">\n\t\t\t\t\t\t<section class=\"elementor-section elementor-top-section elementor-element elementor-element-12af024 elementor-section-boxed elementor-section-height-default elementor-section-height-default\" data-id=\"12af024\" data-element_type=\"section\" data-e-type=\"section\">\n\t\t\t\t\t\t<div class=\"elementor-container elementor-column-gap-default\">\n\t\t\t\t\t<div class=\"elementor-column elementor-col-100 elementor-top-column elementor-element elementor-element-d50dfb1\" data-id=\"d50dfb1\" data-element_type=\"column\" data-e-type=\"column\">\n\t\t\t<div class=\"elementor-widget-wrap elementor-element-populated\">\n\t\t\t\t\t\t<div class=\"elementor-element elementor-element-b18f101 elementor-widget__width-initial elementor-widget elementor-widget-text-editor\" data-id=\"b18f101\" data-element_type=\"widget\" data-e-type=\"widget\" data-widget_type=\"text-editor.default\">\n\t\t\t\t<div class=\"elementor-widget-container\">\n\t\t\t\t\t\t\t\t\t<h1><b>INFRANEO annonce l\u2019acquisition de la soci\u00e9t\u00e9 CIA<\/b><\/h1>\t\t\t\t\t\t\t\t<\/div>\n\t\t\t\t<\/div>\n\t\t\t\t\t<\/div>\n\t\t<\/div>\n\t\t\t\t\t<\/div>\n\t\t<\/section>\n\t\t\t\t<section class=\"elementor-section elementor-top-section elementor-element elementor-element-e86fef1 elementor-section-boxed elementor-section-height-default elementor-section-height-default\" data-id=\"e86fef1\" data-element_type=\"section\" data-e-type=\"section\">\n\t\t\t\t\t\t<div class=\"elementor-container elementor-column-gap-default\">\n\t\t\t\t\t<div class=\"elementor-column elementor-col-100 elementor-top-column elementor-element elementor-element-1d40c6d\" data-id=\"1d40c6d\" data-element_type=\"column\" data-e-type=\"column\">\n\t\t\t<div class=\"elementor-widget-wrap elementor-element-populated\">\n\t\t\t\t\t\t<div class=\"elementor-element elementor-element-315e0ab text elementor-widget elementor-widget-text-editor\" data-id=\"315e0ab\" data-element_type=\"widget\" data-e-type=\"widget\" data-widget_type=\"text-editor.default\">\n\t\t\t\t<div class=\"elementor-widget-container\">\n\t\t\t\t\t\t\t\t\t<p>Dans le cadre de sa strat\u00e9gie de croissance et de diversification, le groupe INFRANEO a le plaisir d\u2019annoncer l\u2019acquisition de la soci\u00e9t\u00e9 CIA, experte reconnue en Contr\u00f4les Non Destructifs (CND). Cette op\u00e9ration marque une \u00e9tape importante dans le d\u00e9veloppement d\u2019INFRANEO sur les march\u00e9s industriels fran\u00e7ais, notamment dans les secteurs de l\u2019\u00e9nergie, de la p\u00e9trochimie, du nucl\u00e9aire et des infrastructures maritimes.<\/p>\t\t\t\t\t\t\t\t<\/div>\n\t\t\t\t<\/div>\n\t\t\t\t\t<\/div>\n\t\t<\/div>\n\t\t\t\t\t<\/div>\n\t\t<\/section>\n\t\t\t\t<section class=\"elementor-section elementor-top-section elementor-element elementor-element-0587335 elementor-section-boxed elementor-section-height-default elementor-section-height-default\" data-id=\"0587335\" data-element_type=\"section\" data-e-type=\"section\">\n\t\t\t\t\t\t<div class=\"elementor-container elementor-column-gap-default\">\n\t\t\t\t\t<div class=\"elementor-column elementor-col-100 elementor-top-column elementor-element elementor-element-7c4afd4\" data-id=\"7c4afd4\" data-element_type=\"column\" data-e-type=\"column\">\n\t\t\t<div class=\"elementor-widget-wrap elementor-element-populated\">\n\t\t\t\t\t\t<div class=\"elementor-element elementor-element-a86db47 elementor-widget-divider--view-line elementor-widget elementor-widget-divider\" data-id=\"a86db47\" data-element_type=\"widget\" data-e-type=\"widget\" data-widget_type=\"divider.default\">\n\t\t\t\t<div class=\"elementor-widget-container\">\n\t\t\t\t\t\t\t<div class=\"elementor-divider\">\n\t\t\t<span class=\"elementor-divider-separator\">\n\t\t\t\t\t\t<\/span>\n\t\t<\/div>\n\t\t\t\t\t\t<\/div>\n\t\t\t\t<\/div>\n\t\t\t\t\t<\/div>\n\t\t<\/div>\n\t\t\t\t\t<\/div>\n\t\t<\/section>\n\t\t\t\t<section class=\"elementor-section elementor-top-section elementor-element elementor-element-4634b7a elementor-section-boxed elementor-section-height-default elementor-section-height-default\" data-id=\"4634b7a\" data-element_type=\"section\" data-e-type=\"section\">\n\t\t\t\t\t\t<div class=\"elementor-container elementor-column-gap-default\">\n\t\t\t\t\t<div class=\"elementor-column elementor-col-100 elementor-top-column elementor-element elementor-element-1b87fce\" data-id=\"1b87fce\" data-element_type=\"column\" data-e-type=\"column\">\n\t\t\t<div class=\"elementor-widget-wrap elementor-element-populated\">\n\t\t\t\t\t\t<div class=\"elementor-element elementor-element-5fbeb4e elementor-widget elementor-widget-text-editor\" data-id=\"5fbeb4e\" data-element_type=\"widget\" data-e-type=\"widget\" data-widget_type=\"text-editor.default\">\n\t\t\t\t<div class=\"elementor-widget-container\">\n\t\t\t\t\t\t\t\t\t<h2><span style=\"color: #ff9900;\"><b>Une expertise pointue au service de l&rsquo;int\u00e9grit\u00e9 des actifs<\/b><\/span><\/h2><p>Bas\u00e9e \u00e0 Martigues et au Havre, la soci\u00e9t\u00e9 CIA dispose d\u2019une \u00e9quipe exp\u00e9riment\u00e9e de 17 collaborateurs. Elle s\u2019est b\u00e2tie une solide r\u00e9putation dans le domaine des contr\u00f4les non destructifs, techniques essentielles pour assurer la fiabilit\u00e9, la s\u00e9curit\u00e9 et la durabilit\u00e9 des \u00e9quipements industriels.<\/p><p><span style=\"background-color: transparent; font-family: Arial, sans-serif; font-size: 17pt; font-weight: bold; white-space-collapse: preserve; display: inline !important;\">Un rapprochement naturel avec Technipipe<\/span><\/p><p>L\u2019int\u00e9gration de CIA s\u2019inscrit dans le prolongement d\u2019un partenariat de longue date avec <a href=\"https:\/\/www.technipipe.com\/fr\/\" target=\"_blank\" rel=\"noopener\">Technipipe<\/a>, filiale du groupe INFRANEO sp\u00e9cialis\u00e9e dans la gestion de l&rsquo;int\u00e9grit\u00e9 des pipelines et la protection cathodique. En rejoignant Technipipe, CIA vient compl\u00e9ter et enrichir les comp\u00e9tences d\u00e9j\u00e0 pr\u00e9sentes, permettant ainsi de proposer une offre de services \u00e9largie et int\u00e9gr\u00e9e \u00e0 nos clients industriels.<\/p><p>\u00ab Cette acquisition s\u2019inscrit pleinement dans la mission que notre groupe s\u2019est donn\u00e9e d\u2019accompagner les acteurs d\u00e9sireux de p\u00e9renniser et d\u2019adapter leur patrimoine. Les sp\u00e9cialit\u00e9s de CIA enrichissent notre expertise dans la gestion de l&rsquo;int\u00e9grit\u00e9 de leurs actifs tels que les pipelines, bacs, \u00e9quipements sous pression ou les unit\u00e9s de proc\u00e9d\u00e9s. \u00bb<br \/>\u2014 Andrea BEGO GHINA, Pr\u00e9sident du groupe INFRANEO<\/p><h4><b>Une dynamique de croissance au service de nos clients<\/b><\/h4><p><span style=\"font-weight: 400;\">Ce rapprochement strat\u00e9gique permet au Groupe INFRANEO de consolider sa position d\u2019acteur de r\u00e9f\u00e9rence dans la gestion de l\u2019int\u00e9grit\u00e9 des infrastructures. Gr\u00e2ce \u00e0 la compl\u00e9mentarit\u00e9 des expertises de Technipipe et de CIA, nos \u00e9quipes seront en mesure de r\u00e9pondre de mani\u00e8re toujours plus pr\u00e9cise, r\u00e9active et durable aux enjeux complexes de nos clients.<\/span><\/p>\t\t\t\t\t\t\t\t<\/div>\n\t\t\t\t<\/div>\n\t\t\t\t\t<\/div>\n\t\t<\/div>\n\t\t\t\t\t<\/div>\n\t\t<\/section>\n\t\t\t\t<\/div>\n\t\t","protected":false},"excerpt":{"rendered":"<p>INFRANEO annonce l\u2019acquisition de la soci\u00e9t\u00e9 CIA Dans le cadre de sa strat\u00e9gie de croissance et de diversification, le groupe INFRANEO a le plaisir d\u2019annoncer l\u2019acquisition de la soci\u00e9t\u00e9 CIA, experte reconnue en Contr\u00f4les Non Destructifs (CND). Cette op\u00e9ration marque une \u00e9tape importante dans le d\u00e9veloppement d\u2019INFRANEO sur les march\u00e9s industriels fran\u00e7ais, notamment dans les [&hellip;]<\/p>\n","protected":false},"author":5,"featured_media":4754,"comment_status":"closed","ping_status":"closed","sticky":false,"template":"","format":"standard","meta":{"_acf_changed":false,"_monsterinsights_skip_tracking":false,"_monsterinsights_sitenote_active":false,"_monsterinsights_sitenote_note":"","_monsterinsights_sitenote_category":0,"_uf_show_specific_survey":0,"_uf_disable_surveys":false,"footnotes":""},"categories":[6],"tags":[],"class_list":["post-4753","post","type-post","status-publish","format-standard","has-post-thumbnail","hentry","category-news"],"acf":[],"_links":{"self":[{"href":"https:\/\/infraneo.com\/archive\/wp-json\/wp\/v2\/posts\/4753","targetHints":{"allow":["GET"]}}],"collection":[{"href":"https:\/\/infraneo.com\/archive\/wp-json\/wp\/v2\/posts"}],"about":[{"href":"https:\/\/infraneo.com\/archive\/wp-json\/wp\/v2\/types\/post"}],"author":[{"embeddable":true,"href":"https:\/\/infraneo.com\/archive\/wp-json\/wp\/v2\/users\/5"}],"replies":[{"embeddable":true,"href":"https:\/\/infraneo.com\/archive\/wp-json\/wp\/v2\/comments?post=4753"}],"version-history":[{"count":4,"href":"https:\/\/infraneo.com\/archive\/wp-json\/wp\/v2\/posts\/4753\/revisions"}],"predecessor-version":[{"id":4758,"href":"https:\/\/infraneo.com\/archive\/wp-json\/wp\/v2\/posts\/4753\/revisions\/4758"}],"wp:featuredmedia":[{"embeddable":true,"href":"https:\/\/infraneo.com\/archive\/wp-json\/wp\/v2\/media\/4754"}],"wp:attachment":[{"href":"https:\/\/infraneo.com\/archive\/wp-json\/wp\/v2\/media?parent=4753"}],"wp:term":[{"taxonomy":"category","embeddable":true,"href":"https:\/\/infraneo.com\/archive\/wp-json\/wp\/v2\/categories?post=4753"},{"taxonomy":"post_tag","embeddable":true,"href":"https:\/\/infraneo.com\/archive\/wp-json\/wp\/v2\/tags?post=4753"}],"curies":[{"name":"wp","href":"https:\/\/api.w.org\/{rel}","templated":true}]}}