{"id":4817,"date":"2025-07-17T07:25:46","date_gmt":"2025-07-17T07:25:46","guid":{"rendered":"https:\/\/infraneo.com\/archive\/?p=4817"},"modified":"2025-07-17T07:40:05","modified_gmt":"2025-07-17T07:40:05","slug":"integration-de-schulz","status":"publish","type":"post","link":"https:\/\/infraneo.com\/archive\/integration-de-schulz\/","title":{"rendered":"INFRANEO renforce sa pr\u00e9sence en Allemagne dans l\u2019ing\u00e9nierie des canalisations souterraines"},"content":{"rendered":"\t\t<div data-elementor-type=\"wp-post\" data-elementor-id=\"4817\" class=\"elementor elementor-4817\" data-elementor-post-type=\"post\">\n\t\t\t\t\t\t<section class=\"elementor-section elementor-top-section elementor-element elementor-element-12af024 elementor-section-boxed elementor-section-height-default elementor-section-height-default\" data-id=\"12af024\" data-element_type=\"section\" data-e-type=\"section\">\n\t\t\t\t\t\t<div class=\"elementor-container elementor-column-gap-default\">\n\t\t\t\t\t<div class=\"elementor-column elementor-col-100 elementor-top-column elementor-element elementor-element-d50dfb1\" data-id=\"d50dfb1\" data-element_type=\"column\" data-e-type=\"column\">\n\t\t\t<div class=\"elementor-widget-wrap elementor-element-populated\">\n\t\t\t\t\t\t<div class=\"elementor-element elementor-element-b18f101 elementor-widget__width-initial elementor-widget elementor-widget-text-editor\" data-id=\"b18f101\" data-element_type=\"widget\" data-e-type=\"widget\" data-widget_type=\"text-editor.default\">\n\t\t\t\t<div class=\"elementor-widget-container\">\n\t\t\t\t\t\t\t\t\t<h1><b>INFRANEO renforce sa pr\u00e9sence en Allemagne dans l\u2019ing\u00e9nierie des canalisations souterraines<\/b><\/h1>\t\t\t\t\t\t\t\t<\/div>\n\t\t\t\t<\/div>\n\t\t\t\t\t<\/div>\n\t\t<\/div>\n\t\t\t\t\t<\/div>\n\t\t<\/section>\n\t\t\t\t<section class=\"elementor-section elementor-top-section elementor-element elementor-element-e86fef1 elementor-section-boxed elementor-section-height-default elementor-section-height-default\" data-id=\"e86fef1\" data-element_type=\"section\" data-e-type=\"section\">\n\t\t\t\t\t\t<div class=\"elementor-container elementor-column-gap-default\">\n\t\t\t\t\t<div class=\"elementor-column elementor-col-100 elementor-top-column elementor-element elementor-element-1d40c6d\" data-id=\"1d40c6d\" data-element_type=\"column\" data-e-type=\"column\">\n\t\t\t<div class=\"elementor-widget-wrap elementor-element-populated\">\n\t\t\t\t\t\t<div class=\"elementor-element elementor-element-315e0ab text elementor-widget elementor-widget-text-editor\" data-id=\"315e0ab\" data-element_type=\"widget\" data-e-type=\"widget\" data-widget_type=\"text-editor.default\">\n\t\t\t\t<div class=\"elementor-widget-container\">\n\t\t\t\t\t\t\t\t\t<p><span style=\"font-weight: 400;\">INFRANEO poursuit son d\u00e9veloppement en Europe et annonce l\u2019int\u00e9gration d\u2019un nouveau p\u00f4le d\u2019expertise en Allemagne, sp\u00e9cialis\u00e9 dans l\u2019ing\u00e9nierie des r\u00e9seaux souterrains. Cette avanc\u00e9e strat\u00e9gique marque une nouvelle \u00e9tape dans notre ambition de devenir un leader europ\u00e9en de l\u2019ing\u00e9nierie des infrastructures.<\/span><\/p>\t\t\t\t\t\t\t\t<\/div>\n\t\t\t\t<\/div>\n\t\t\t\t\t<\/div>\n\t\t<\/div>\n\t\t\t\t\t<\/div>\n\t\t<\/section>\n\t\t\t\t<section class=\"elementor-section elementor-top-section elementor-element elementor-element-0587335 elementor-section-boxed elementor-section-height-default elementor-section-height-default\" data-id=\"0587335\" data-element_type=\"section\" data-e-type=\"section\">\n\t\t\t\t\t\t<div class=\"elementor-container elementor-column-gap-default\">\n\t\t\t\t\t<div class=\"elementor-column elementor-col-100 elementor-top-column elementor-element elementor-element-7c4afd4\" data-id=\"7c4afd4\" data-element_type=\"column\" data-e-type=\"column\">\n\t\t\t<div class=\"elementor-widget-wrap elementor-element-populated\">\n\t\t\t\t\t\t<div class=\"elementor-element elementor-element-a86db47 elementor-widget-divider--view-line elementor-widget elementor-widget-divider\" data-id=\"a86db47\" data-element_type=\"widget\" data-e-type=\"widget\" data-widget_type=\"divider.default\">\n\t\t\t\t<div class=\"elementor-widget-container\">\n\t\t\t\t\t\t\t<div class=\"elementor-divider\">\n\t\t\t<span class=\"elementor-divider-separator\">\n\t\t\t\t\t\t<\/span>\n\t\t<\/div>\n\t\t\t\t\t\t<\/div>\n\t\t\t\t<\/div>\n\t\t\t\t\t<\/div>\n\t\t<\/div>\n\t\t\t\t\t<\/div>\n\t\t<\/section>\n\t\t\t\t<section class=\"elementor-section elementor-top-section elementor-element elementor-element-4634b7a elementor-section-boxed elementor-section-height-default elementor-section-height-default\" data-id=\"4634b7a\" data-element_type=\"section\" data-e-type=\"section\">\n\t\t\t\t\t\t<div class=\"elementor-container elementor-column-gap-default\">\n\t\t\t\t\t<div class=\"elementor-column elementor-col-100 elementor-top-column elementor-element elementor-element-1b87fce\" data-id=\"1b87fce\" data-element_type=\"column\" data-e-type=\"column\">\n\t\t\t<div class=\"elementor-widget-wrap elementor-element-populated\">\n\t\t\t\t\t\t<div class=\"elementor-element elementor-element-5fbeb4e elementor-widget elementor-widget-text-editor\" data-id=\"5fbeb4e\" data-element_type=\"widget\" data-e-type=\"widget\" data-widget_type=\"text-editor.default\">\n\t\t\t\t<div class=\"elementor-widget-container\">\n\t\t\t\t\t\t\t\t\t<h2><span style=\"color: #ff9900;\"><b>Une \u00e9quipe reconnue pour son excellence technique<\/b><\/span><\/h2><p>Bas\u00e9e \u00e0\u00a0Dresde\u00a0et\u00a0Dortmund, l\u2019\u00e9quipe dirig\u00e9e par\u00a0Torsten Schulz\u00a0rejoint d\u00e9sormais le Groupe INFRANEO. Forte de plus de 25 ans d\u2019exp\u00e9rience, elle est sp\u00e9cialis\u00e9e dans l\u2019inspection, la r\u00e9habilitation et le renouvellement des r\u00e9seaux d\u2019assainissement et d\u2019eau potable.<\/p><p>Son savoir-faire \u00e9prouv\u00e9 est illustr\u00e9 par la r\u00e9ussite de plus de 1 200 projets\u00a0men\u00e9s \u00e0 bien pour des\u00a0collectivit\u00e9s, industriels, gestionnaires de r\u00e9seaux\u00a0et\u00a0acteurs de l\u2019immobilier, ainsi que par la r\u00e9alisation de\u00a0plus de 500 expertises judiciaires et techniques.<\/p><h2><span style=\"color: #ff9900;\"><b>Un levier de croissance en phase avec notre strat\u00e9gie<\/b><\/span><\/h2><p>Pour Andrea Bego Ghina, Pr\u00e9sident du Groupe INFRANEO, cette int\u00e9gration s\u2019inscrit pleinement dans la dynamique de d\u00e9veloppement du groupe :<\/p><p>\u00ab Le d\u00e9veloppement de notre activit\u00e9 en Allemagne est une composante cl\u00e9 de notre strat\u00e9gie de croissance europ\u00e9enne. Cette acquisition nous permet de d\u00e9velopper outre-Rhin l\u2019un de nos savoir-faire historiques : la <a href=\"https:\/\/infraneo.com\/archive\/expertise\/ingenierie-de-leau\/\">r\u00e9habilitation des r\u00e9seaux d\u2019assainissement<\/a>. Elle ouvre \u00e9galement de belles perspectives de synergies avec les \u00e9quipes d\u2019Infraneo Deutschland, notamment sur les projets de grande envergure n\u00e9cessitant leurs expertises crois\u00e9es. \u00bb<\/p><p>Cette nouvelle implantation renforce ainsi notre capacit\u00e9 \u00e0 r\u00e9pondre aux enjeux techniques et environnementaux majeurs li\u00e9s \u00e0 la gestion des r\u00e9seaux souterrains, sur l\u2019ensemble du territoire europ\u00e9en.<\/p><p><span style=\"font-weight: 400;\">Pour en apprendre davantage : <\/span><span style=\"font-weight: 400;\">\u00a0<\/span><a href=\"https:\/\/www.gutachter-kanal.de\/\" target=\"_blank\" rel=\"noopener\"><span style=\"font-weight: 400;\">https:\/\/www.gutachter-kanal.de\/<\/span><\/a><span style=\"font-weight: 400;\">\u00a0<\/span><\/p>\t\t\t\t\t\t\t\t<\/div>\n\t\t\t\t<\/div>\n\t\t\t\t\t<\/div>\n\t\t<\/div>\n\t\t\t\t\t<\/div>\n\t\t<\/section>\n\t\t\t\t<\/div>\n\t\t","protected":false},"excerpt":{"rendered":"<p>INFRANEO renforce sa pr\u00e9sence en Allemagne dans l\u2019ing\u00e9nierie des canalisations souterraines INFRANEO poursuit son d\u00e9veloppement en Europe et annonce l\u2019int\u00e9gration d\u2019un nouveau p\u00f4le d\u2019expertise en Allemagne, sp\u00e9cialis\u00e9 dans l\u2019ing\u00e9nierie des r\u00e9seaux souterrains. Cette avanc\u00e9e strat\u00e9gique marque une nouvelle \u00e9tape dans notre ambition de devenir un leader europ\u00e9en de l\u2019ing\u00e9nierie des infrastructures. Une \u00e9quipe reconnue pour [&hellip;]<\/p>\n","protected":false},"author":5,"featured_media":4818,"comment_status":"closed","ping_status":"closed","sticky":false,"template":"","format":"standard","meta":{"_acf_changed":false,"_monsterinsights_skip_tracking":false,"_monsterinsights_sitenote_active":false,"_monsterinsights_sitenote_note":"","_monsterinsights_sitenote_category":0,"_uf_show_specific_survey":0,"_uf_disable_surveys":false,"footnotes":""},"categories":[6],"tags":[],"class_list":["post-4817","post","type-post","status-publish","format-standard","has-post-thumbnail","hentry","category-news"],"acf":[],"_links":{"self":[{"href":"https:\/\/infraneo.com\/archive\/wp-json\/wp\/v2\/posts\/4817","targetHints":{"allow":["GET"]}}],"collection":[{"href":"https:\/\/infraneo.com\/archive\/wp-json\/wp\/v2\/posts"}],"about":[{"href":"https:\/\/infraneo.com\/archive\/wp-json\/wp\/v2\/types\/post"}],"author":[{"embeddable":true,"href":"https:\/\/infraneo.com\/archive\/wp-json\/wp\/v2\/users\/5"}],"replies":[{"embeddable":true,"href":"https:\/\/infraneo.com\/archive\/wp-json\/wp\/v2\/comments?post=4817"}],"version-history":[{"count":7,"href":"https:\/\/infraneo.com\/archive\/wp-json\/wp\/v2\/posts\/4817\/revisions"}],"predecessor-version":[{"id":4825,"href":"https:\/\/infraneo.com\/archive\/wp-json\/wp\/v2\/posts\/4817\/revisions\/4825"}],"wp:featuredmedia":[{"embeddable":true,"href":"https:\/\/infraneo.com\/archive\/wp-json\/wp\/v2\/media\/4818"}],"wp:attachment":[{"href":"https:\/\/infraneo.com\/archive\/wp-json\/wp\/v2\/media?parent=4817"}],"wp:term":[{"taxonomy":"category","embeddable":true,"href":"https:\/\/infraneo.com\/archive\/wp-json\/wp\/v2\/categories?post=4817"},{"taxonomy":"post_tag","embeddable":true,"href":"https:\/\/infraneo.com\/archive\/wp-json\/wp\/v2\/tags?post=4817"}],"curies":[{"name":"wp","href":"https:\/\/api.w.org\/{rel}","templated":true}]}}